{"id":333762,"date":"2024-08-02T00:36:39","date_gmt":"2024-08-02T03:36:39","guid":{"rendered":"https:\/\/www.notibras.com\/site\/?p=333762"},"modified":"2024-08-02T07:42:06","modified_gmt":"2024-08-02T10:42:06","slug":"mae-e-padrasto-condenados-por-morte-da-menina-joicy-de-4-anos","status":"publish","type":"post","link":"https:\/\/www.notibras.com\/site\/mae-e-padrasto-condenados-por-morte-da-menina-joicy-de-4-anos\/","title":{"rendered":"M\u00e3e e padrasto condenados por morte da menina Joicy, de 4 anos"},"content":{"rendered":"<p>A Justi\u00e7a de Sergipe condenou a m\u00e3e e o padrasto de Joicy Vit\u00f3ria Santana, uma menina de 4 anos, pelo crime de agress\u00e3o e assassinato da crian\u00e7a, ocorrido em 2023. Ela sofreu politraumatismo e teve uma parada cardiorrespirat\u00f3ria, que resultou em seu falecimento.<\/p>\n<p>O caso causou grande como\u00e7\u00e3o e revolta na comunidade local. Durante o julgamento, foram apresentados detalhes perturbadores das agress\u00f5es sofridas pela menina, levando \u00e0 condena\u00e7\u00e3o dos respons\u00e1veis.<\/p>\n<p>Na avalia\u00e7\u00e3o da acusa\u00e7\u00e3o, a decis\u00e3o judicial visa n\u00e3o apenas punir os culpados, mas tamb\u00e9m servir como um alerta sobre a import\u00e2ncia da prote\u00e7\u00e3o infantil e a responsabilidade de cuidar dos mais vulner\u00e1veis.<\/p>\n<p>As autoridades refor\u00e7am a necessidade de denunciar qualquer suspeita de viol\u00eancia contra crian\u00e7as, buscando evitar trag\u00e9dias como essa no futuro.<\/p>\n<p>A m\u00e3e dever\u00e1 cumprir 6 anos e 8 meses em regime fechado, por maus tratos e permitir as agress\u00f5es. J\u00e1 a senten\u00e7a do padrasto tamb\u00e9m soma o crime de homic\u00eddio e a pena calculada ser\u00e1 de 63 anos. Os advogados de defesa dos condenados prometem recorrer da decis\u00e3o.<\/p>\n","protected":false},"excerpt":{"rendered":"<p>A Justi\u00e7a de Sergipe condenou a m\u00e3e e o padrasto de Joicy Vit\u00f3ria Santana, uma menina de 4 anos, pelo crime de agress\u00e3o e assassinato da crian\u00e7a, ocorrido em 2023. Ela sofreu politraumatismo e teve uma parada cardiorrespirat\u00f3ria, que resultou em seu falecimento. O caso causou grande como\u00e7\u00e3o e revolta na comunidade local. Durante o [&hellip;]<\/p>\n","protected":false},"author":2,"featured_media":280027,"comment_status":"closed","ping_status":"closed","sticky":false,"template":"","format":"standard","meta":{"_acf_changed":false,"footnotes":""},"categories":[165],"tags":[],"class_list":["post-333762","post","type-post","status-publish","format-standard","has-post-thumbnail","hentry","category-nordeste"],"acf":[],"_links":{"self":[{"href":"https:\/\/www.notibras.com\/site\/wp-json\/wp\/v2\/posts\/333762","targetHints":{"allow":["GET"]}}],"collection":[{"href":"https:\/\/www.notibras.com\/site\/wp-json\/wp\/v2\/posts"}],"about":[{"href":"https:\/\/www.notibras.com\/site\/wp-json\/wp\/v2\/types\/post"}],"author":[{"embeddable":true,"href":"https:\/\/www.notibras.com\/site\/wp-json\/wp\/v2\/users\/2"}],"replies":[{"embeddable":true,"href":"https:\/\/www.notibras.com\/site\/wp-json\/wp\/v2\/comments?post=333762"}],"version-history":[{"count":1,"href":"https:\/\/www.notibras.com\/site\/wp-json\/wp\/v2\/posts\/333762\/revisions"}],"predecessor-version":[{"id":333763,"href":"https:\/\/www.notibras.com\/site\/wp-json\/wp\/v2\/posts\/333762\/revisions\/333763"}],"wp:featuredmedia":[{"embeddable":true,"href":"https:\/\/www.notibras.com\/site\/wp-json\/wp\/v2\/media\/280027"}],"wp:attachment":[{"href":"https:\/\/www.notibras.com\/site\/wp-json\/wp\/v2\/media?parent=333762"}],"wp:term":[{"taxonomy":"category","embeddable":true,"href":"https:\/\/www.notibras.com\/site\/wp-json\/wp\/v2\/categories?post=333762"},{"taxonomy":"post_tag","embeddable":true,"href":"https:\/\/www.notibras.com\/site\/wp-json\/wp\/v2\/tags?post=333762"}],"curies":[{"name":"wp","href":"https:\/\/api.w.org\/{rel}","templated":true}]}}