{"id":333764,"date":"2024-08-02T00:01:16","date_gmt":"2024-08-02T03:01:16","guid":{"rendered":"https:\/\/www.notibras.com\/site\/?p=333764"},"modified":"2024-08-02T08:03:18","modified_gmt":"2024-08-02T11:03:18","slug":"brasilia-completa-100-dias-sem-um-pingo-de-chuva","status":"publish","type":"post","link":"https:\/\/www.notibras.com\/site\/brasilia-completa-100-dias-sem-um-pingo-de-chuva\/","title":{"rendered":"Bras\u00edlia completa 100 dias sem um pingo de chuva"},"content":{"rendered":"<p>Na quinta-feira, 1, o Instituto Nacional de Meteorologia (Inmet) informou que a regi\u00e3o central de Bras\u00edlia est\u00e1 sem registrar chuvas h\u00e1 100 dias. A \u00faltima precipita\u00e7\u00e3o ocorreu no dia 23 de abril.<\/p>\n<p>A falta de chuvas tem causado uma queda significativa na umidade do ar, resultando em n\u00edveis extremamente baixos. Essa situa\u00e7\u00e3o tem contribu\u00eddo para o aumento de focos de inc\u00eandio que se espalham pelo cerrado, colocando em risco a fauna e a flora locais.<\/p>\n<p>A situa\u00e7\u00e3o \u00e9 preocupante, pois a seca prolongada n\u00e3o s\u00f3 afeta o meio ambiente, mas tamb\u00e9m a qualidade de vida da popula\u00e7\u00e3o. As autoridades recomendam cuidados redobrados com a hidrata\u00e7\u00e3o e alertam para o risco de doen\u00e7as respirat\u00f3rias devido ao ar seco e \u00e0 fuma\u00e7a proveniente dos inc\u00eandios.<\/p>\n<p>Medidas de preven\u00e7\u00e3o e combate aos focos de inc\u00eandio est\u00e3o sendo intensificadas pelo Corpo de Bombeiros para tentar controlar a situa\u00e7\u00e3o at\u00e9 a chegada das chuvas.<\/p>\n","protected":false},"excerpt":{"rendered":"<p>Na quinta-feira, 1, o Instituto Nacional de Meteorologia (Inmet) informou que a regi\u00e3o central de Bras\u00edlia est\u00e1 sem registrar chuvas h\u00e1 100 dias. A \u00faltima precipita\u00e7\u00e3o ocorreu no dia 23 de abril. A falta de chuvas tem causado uma queda significativa na umidade do ar, resultando em n\u00edveis extremamente baixos. Essa situa\u00e7\u00e3o tem contribu\u00eddo para [&hellip;]<\/p>\n","protected":false},"author":2,"featured_media":313021,"comment_status":"closed","ping_status":"closed","sticky":false,"template":"","format":"standard","meta":{"_acf_changed":false,"footnotes":""},"categories":[161],"tags":[],"class_list":["post-333764","post","type-post","status-publish","format-standard","has-post-thumbnail","hentry","category-quadradinho-em-foco"],"acf":[],"_links":{"self":[{"href":"https:\/\/www.notibras.com\/site\/wp-json\/wp\/v2\/posts\/333764","targetHints":{"allow":["GET"]}}],"collection":[{"href":"https:\/\/www.notibras.com\/site\/wp-json\/wp\/v2\/posts"}],"about":[{"href":"https:\/\/www.notibras.com\/site\/wp-json\/wp\/v2\/types\/post"}],"author":[{"embeddable":true,"href":"https:\/\/www.notibras.com\/site\/wp-json\/wp\/v2\/users\/2"}],"replies":[{"embeddable":true,"href":"https:\/\/www.notibras.com\/site\/wp-json\/wp\/v2\/comments?post=333764"}],"version-history":[{"count":1,"href":"https:\/\/www.notibras.com\/site\/wp-json\/wp\/v2\/posts\/333764\/revisions"}],"predecessor-version":[{"id":333765,"href":"https:\/\/www.notibras.com\/site\/wp-json\/wp\/v2\/posts\/333764\/revisions\/333765"}],"wp:featuredmedia":[{"embeddable":true,"href":"https:\/\/www.notibras.com\/site\/wp-json\/wp\/v2\/media\/313021"}],"wp:attachment":[{"href":"https:\/\/www.notibras.com\/site\/wp-json\/wp\/v2\/media?parent=333764"}],"wp:term":[{"taxonomy":"category","embeddable":true,"href":"https:\/\/www.notibras.com\/site\/wp-json\/wp\/v2\/categories?post=333764"},{"taxonomy":"post_tag","embeddable":true,"href":"https:\/\/www.notibras.com\/site\/wp-json\/wp\/v2\/tags?post=333764"}],"curies":[{"name":"wp","href":"https:\/\/api.w.org\/{rel}","templated":true}]}}