{"id":333766,"date":"2024-08-02T08:13:56","date_gmt":"2024-08-02T11:13:56","guid":{"rendered":"https:\/\/www.notibras.com\/site\/?p=333766"},"modified":"2024-08-02T08:21:04","modified_gmt":"2024-08-02T11:21:04","slug":"primeiro-beijo-nao-se-esquece-nem-bebel-maluca","status":"publish","type":"post","link":"https:\/\/www.notibras.com\/site\/primeiro-beijo-nao-se-esquece-nem-bebel-maluca\/","title":{"rendered":"Primeiro beijo n\u00e3o se esquece (nem Bebel maluca)"},"content":{"rendered":"<p>Hoje vou revelar como comecei a namorar a Dona Irene. Pois bem, isso foi h\u00e1 mais de uma d\u00e9cada, quando ela, para aceitar o meu pedido de namoro, me fez tr\u00eas perguntas, entre as quais estava a se eu gostava do Belchior. Obviamente, respondi que sim e, ent\u00e3o, ela me presenteou com aquele refrescante primeiro beijo na boca.<\/p>\n<p>\u00c9 claro que dizer que eu tamb\u00e9m era f\u00e3 do Belchior n\u00e3o bastaria para conquistar o cora\u00e7\u00e3o da minha mulher. Por isso, passei a acompanh\u00e1-la em v\u00e1rios tributos a esse gigante artista. Ali\u00e1s, de tantos shows que fomos, acabamos por nos apaixonar por uma cantora em especial, a Alessandra Terribili, inclusive no Clube do Choro, l\u00e1 defronte ao Man\u00e9 Garrincha.<\/p>\n<p>A Alessandra, atrevo-me a dizer, \u00e9 uma verdadeira rainha dos palcos, que se tornam at\u00e9 pequenos diante de tamanho talento. Artista das boas, a cantora \u00e9 mesmo espa\u00e7osa, n\u00e3o pede nem licen\u00e7a para invadir nossos cora\u00e7\u00f5es. Ela j\u00e1 vai dando uns bicudos na porta e, se esta n\u00e3o abrir, pula a janela mesmo.<\/p>\n<p>Ah, essa fixa\u00e7\u00e3o da Dona Irene pelo Belchior n\u00e3o tem limites. Tanto \u00e9 que uma das nossas cachorrinhas, mesmo sendo uma menina, ganhou o inusitado nome de Belchior. Tudo bem que hoje em dia a minha amada a chama de Bebel, enquanto eu prefiro Belzulo. No entanto, toda vez que ela apronta uma, a minha mulher grita: &#8220;Belchior, sua cachorra maluca!&#8221;<\/p>\n<p><strong>*Eduardo Mart\u00ednez \u00e9 autor do livro \u201c57 Contos e Cr\u00f4nicas por um Autor muito Velho\u201d.<\/strong><\/p>\n<p>Compre aqui\u00a0<span class=\"x19la9d6 x1fc57z9 x6ikm8r x10wlt62 x19co3pv x1g5zs5t xfibh0p xiy17q3 x1xsqp64 x1lkfr7t xexx8yu x4uap5 x18d9i69 xkhd6sd\"><span class=\"xrtxmta x1bhl96m\"><img decoding=\"async\" class=\"emoji\" role=\"img\" draggable=\"false\" src=\"https:\/\/s.w.org\/images\/core\/emoji\/14.0.0\/svg\/1f447-1f3ff.svg\" alt=\"&#x1f447;&#x1f3ff;\" \/><\/span><\/span><span class=\"x19la9d6 x1fc57z9 x6ikm8r x10wlt62 x19co3pv x1g5zs5t xfibh0p xiy17q3 x1xsqp64 x1lkfr7t xexx8yu x4uap5 x18d9i69 xkhd6sd\"><span class=\"xrtxmta x1bhl96m\"><img decoding=\"async\" class=\"emoji\" role=\"img\" draggable=\"false\" src=\"https:\/\/s.w.org\/images\/core\/emoji\/14.0.0\/svg\/1f447-1f3ff.svg\" alt=\"&#x1f447;&#x1f3ff;\" \/><\/span><\/span><span class=\"x19la9d6 x1fc57z9 x6ikm8r x10wlt62 x19co3pv x1g5zs5t xfibh0p xiy17q3 x1xsqp64 x1lkfr7t xexx8yu x4uap5 x18d9i69 xkhd6sd\"><span class=\"xrtxmta x1bhl96m\"><img decoding=\"async\" class=\"emoji\" role=\"img\" draggable=\"false\" src=\"https:\/\/s.w.org\/images\/core\/emoji\/14.0.0\/svg\/1f447-1f3ff.svg\" alt=\"&#x1f447;&#x1f3ff;\" \/><\/span><\/span><\/p>\n<p><a href=\"http:\/\/www.joanineditora.com.br\/57-contos-e-cronicas-por-um-autor-muito-velho\">http:\/\/www.joanineditora.com.br\/57-contos-e-cronicas-por-um-autor-muito-velho<\/a><\/p>\n","protected":false},"excerpt":{"rendered":"<p>Hoje vou revelar como comecei a namorar a Dona Irene. Pois bem, isso foi h\u00e1 mais de uma d\u00e9cada, quando ela, para aceitar o meu pedido de namoro, me fez tr\u00eas perguntas, entre as quais estava a se eu gostava do Belchior. Obviamente, respondi que sim e, ent\u00e3o, ela me presenteou com aquele refrescante primeiro [&hellip;]<\/p>\n","protected":false},"author":2,"featured_media":333767,"comment_status":"closed","ping_status":"closed","sticky":false,"template":"","format":"standard","meta":{"_acf_changed":false,"footnotes":""},"categories":[161],"tags":[],"class_list":["post-333766","post","type-post","status-publish","format-standard","has-post-thumbnail","hentry","category-quadradinho-em-foco"],"acf":[],"_links":{"self":[{"href":"https:\/\/www.notibras.com\/site\/wp-json\/wp\/v2\/posts\/333766","targetHints":{"allow":["GET"]}}],"collection":[{"href":"https:\/\/www.notibras.com\/site\/wp-json\/wp\/v2\/posts"}],"about":[{"href":"https:\/\/www.notibras.com\/site\/wp-json\/wp\/v2\/types\/post"}],"author":[{"embeddable":true,"href":"https:\/\/www.notibras.com\/site\/wp-json\/wp\/v2\/users\/2"}],"replies":[{"embeddable":true,"href":"https:\/\/www.notibras.com\/site\/wp-json\/wp\/v2\/comments?post=333766"}],"version-history":[{"count":4,"href":"https:\/\/www.notibras.com\/site\/wp-json\/wp\/v2\/posts\/333766\/revisions"}],"predecessor-version":[{"id":333771,"href":"https:\/\/www.notibras.com\/site\/wp-json\/wp\/v2\/posts\/333766\/revisions\/333771"}],"wp:featuredmedia":[{"embeddable":true,"href":"https:\/\/www.notibras.com\/site\/wp-json\/wp\/v2\/media\/333767"}],"wp:attachment":[{"href":"https:\/\/www.notibras.com\/site\/wp-json\/wp\/v2\/media?parent=333766"}],"wp:term":[{"taxonomy":"category","embeddable":true,"href":"https:\/\/www.notibras.com\/site\/wp-json\/wp\/v2\/categories?post=333766"},{"taxonomy":"post_tag","embeddable":true,"href":"https:\/\/www.notibras.com\/site\/wp-json\/wp\/v2\/tags?post=333766"}],"curies":[{"name":"wp","href":"https:\/\/api.w.org\/{rel}","templated":true}]}}