{"id":333794,"date":"2024-08-03T02:36:27","date_gmt":"2024-08-03T05:36:27","guid":{"rendered":"https:\/\/www.notibras.com\/site\/?p=333794"},"modified":"2024-08-02T23:38:59","modified_gmt":"2024-08-03T02:38:59","slug":"mais-concentrados-na-bahia-ciganos-terao-plano-de-inclusao-social","status":"publish","type":"post","link":"https:\/\/www.notibras.com\/site\/mais-concentrados-na-bahia-ciganos-terao-plano-de-inclusao-social\/","title":{"rendered":"Mais concentrados na Bahia, ciganos ter\u00e3o plano de inclus\u00e3o social"},"content":{"rendered":"<p>O Minist\u00e9rio da Igualdade Racial acaba de lan\u00e7ar o Plano Nacional de Pol\u00edticas para Povos Ciganos. Institu\u00eddo por decreto presidencial, o documento foi classificado pela pasta como \u201cum marco hist\u00f3rico no Brasil\u201d. \u00c9 a primeira vez que o pa\u00eds ter\u00e1 uma pol\u00edtica diretamente voltada para os povos ciganos. Eles se concentram mais nos estados da Bahia, Minas Gerais e Goi\u00e1s.<\/p>\n<p>Segundo o minist\u00e9rio, a proposta \u00e9 promover medidas intersetoriais para a garantia dos direitos dos povos ciganos. Ao todo, o plano foi estruturado em dez objetivos, que envolvem combate ao anticiganismo, reconhecimento da territorialidade pr\u00f3pria dos povos ciganos, direito \u00e0 cidade, educa\u00e7\u00e3o, sa\u00fade, documenta\u00e7\u00e3o civil b\u00e1sica, seguran\u00e7a e soberania alimentar, trabalho, emprego e renda e valoriza\u00e7\u00e3o da cultura.<\/p>\n<p>\u201cA pol\u00edtica nacional resulta de uma abordagem participativa e colaborativa, que envolveu n\u00e3o apenas as institui\u00e7\u00f5es governamentais, mas tamb\u00e9m as pr\u00f3prias comunidades ciganas, organiza\u00e7\u00f5es da sociedade civil e profissionais especialistas no tema a partir das a\u00e7\u00f5es da Caravana Brasil Cigano\u201d, explicou a pasta.<\/p>\n<p>Confira os objetivos do Plano Nacional de Pol\u00edticas para Povos Ciganos, a serem implementados a partir de a\u00e7\u00f5es previstas deste ano at\u00e9 2027:<\/p>\n<p>&#8211; combater o anticiganismo como express\u00e3o do preconceito, a discrimina\u00e7\u00e3o \u00e9tnico-racial e o discurso de \u00f3dio contra os povos ciganos;<\/p>\n<p>&#8211; reconhecer a territorialidade pr\u00f3pria dos povos ciganos, considerada a din\u00e2mica de itiner\u00e2ncia das rotas;<\/p>\n<p>&#8211; reconhecer o direito \u00e0 cidade, \u00e0 infraestrutura b\u00e1sica e \u00e0 moradia digna, em \u00e1reas urbanas ou rurais em formato de rancho, bairro, vilas, comunidades ou acampamentos ciganos;<\/p>\n<p>&#8211; ampliar a presen\u00e7a de crian\u00e7as, jovens e adultos ciganos nas institui\u00e7\u00f5es de ensino, em todos os n\u00edveis de escolaridade;<\/p>\n<p>&#8211; atender \u00e0s especificidades dos povos ciganos nas pol\u00edticas de aten\u00e7\u00e3o \u00e0 sa\u00fade;<\/p>\n<p>&#8211; ampliar o acesso dos povos ciganos \u00e0 documenta\u00e7\u00e3o civil b\u00e1sica;<\/p>\n<p>&#8211; promover a seguran\u00e7a e a soberania alimentar e nutricional dos povos ciganos;<\/p>\n<p>&#8211; ampliar o acesso das pessoas ciganas ao trabalho, ao emprego, \u00e0 renda e \u00e0 seguridade social;<\/p>\n<p>&#8211; valorizar a cultura e promover as pr\u00e1ticas e saberes tradicionais dos povos ciganos; e<\/p>\n<p>&#8211; promover o debate da hist\u00f3ria e da cultura dos povos ciganos no pa\u00eds em colabora\u00e7\u00e3o com o sistema de ensino.<\/p>\n<p>&nbsp;<\/p>\n","protected":false},"excerpt":{"rendered":"<p>O Minist\u00e9rio da Igualdade Racial acaba de lan\u00e7ar o Plano Nacional de Pol\u00edticas para Povos Ciganos. Institu\u00eddo por decreto presidencial, o documento foi classificado pela pasta como \u201cum marco hist\u00f3rico no Brasil\u201d. \u00c9 a primeira vez que o pa\u00eds ter\u00e1 uma pol\u00edtica diretamente voltada para os povos ciganos. Eles se concentram mais nos estados da [&hellip;]<\/p>\n","protected":false},"author":2,"featured_media":333795,"comment_status":"closed","ping_status":"closed","sticky":false,"template":"","format":"standard","meta":{"_acf_changed":false,"footnotes":""},"categories":[165],"tags":[],"class_list":["post-333794","post","type-post","status-publish","format-standard","has-post-thumbnail","hentry","category-nordeste"],"acf":[],"_links":{"self":[{"href":"https:\/\/www.notibras.com\/site\/wp-json\/wp\/v2\/posts\/333794","targetHints":{"allow":["GET"]}}],"collection":[{"href":"https:\/\/www.notibras.com\/site\/wp-json\/wp\/v2\/posts"}],"about":[{"href":"https:\/\/www.notibras.com\/site\/wp-json\/wp\/v2\/types\/post"}],"author":[{"embeddable":true,"href":"https:\/\/www.notibras.com\/site\/wp-json\/wp\/v2\/users\/2"}],"replies":[{"embeddable":true,"href":"https:\/\/www.notibras.com\/site\/wp-json\/wp\/v2\/comments?post=333794"}],"version-history":[{"count":1,"href":"https:\/\/www.notibras.com\/site\/wp-json\/wp\/v2\/posts\/333794\/revisions"}],"predecessor-version":[{"id":333796,"href":"https:\/\/www.notibras.com\/site\/wp-json\/wp\/v2\/posts\/333794\/revisions\/333796"}],"wp:featuredmedia":[{"embeddable":true,"href":"https:\/\/www.notibras.com\/site\/wp-json\/wp\/v2\/media\/333795"}],"wp:attachment":[{"href":"https:\/\/www.notibras.com\/site\/wp-json\/wp\/v2\/media?parent=333794"}],"wp:term":[{"taxonomy":"category","embeddable":true,"href":"https:\/\/www.notibras.com\/site\/wp-json\/wp\/v2\/categories?post=333794"},{"taxonomy":"post_tag","embeddable":true,"href":"https:\/\/www.notibras.com\/site\/wp-json\/wp\/v2\/tags?post=333794"}],"curies":[{"name":"wp","href":"https:\/\/api.w.org\/{rel}","templated":true}]}}