{"id":333806,"date":"2024-08-03T00:00:23","date_gmt":"2024-08-03T03:00:23","guid":{"rendered":"https:\/\/www.notibras.com\/site\/?p=333806"},"modified":"2024-08-03T11:08:32","modified_gmt":"2024-08-03T14:08:32","slug":"pe-de-meia-calca-estudante-nordestino-com-mais-beneficiarios","status":"publish","type":"post","link":"https:\/\/www.notibras.com\/site\/pe-de-meia-calca-estudante-nordestino-com-mais-beneficiarios\/","title":{"rendered":"P\u00e9-de-Meia cal\u00e7a estudante nordestino com mais benefici\u00e1rios"},"content":{"rendered":"<p>O governo federal anunciou a amplia\u00e7\u00e3o do programa P\u00e9-de-Meia para estudantes do ensino m\u00e9dio de escolas p\u00fablicas e cujas fam\u00edlias estejam inscritas no Cadastro \u00danico (Cad\u00danico) e tenha renda per capita de at\u00e9 meio sal\u00e1rio m\u00ednimo. Atualmente, o benef\u00edcio abrange apenas estudantes de escolas p\u00fablicas que fazem parte do Programa Bolsa Fam\u00edlia.<\/p>\n<p>Com a expans\u00e3o, cerca de um milh\u00e3o de novos estudantes ser\u00e3o beneficiados. As mudan\u00e7as tamb\u00e9m contemplar\u00e3o alunos da educa\u00e7\u00e3o de jovens e adultos (EJA).<\/p>\n<p>O an\u00fancio foi feito durante evento em Fortaleza (CE) com a participa\u00e7\u00e3o do presidente Luiz In\u00e1cio Lula da Silva. O presidente defendeu a import\u00e2ncia da aplica\u00e7\u00e3o de recursos para a educa\u00e7\u00e3o no Brasil e convocou os jovens presentes na cerim\u00f4nia a n\u00e3o desistirem da escola e sonharem com a conquista de qualquer realiza\u00e7\u00e3o profissional por meio da educa\u00e7\u00e3o.<\/p>\n<p>&#8220;Estudar \u00e9 quase que uma coisa sagrada para um pai e uma m\u00e3e. Para n\u00f3s, a maior heran\u00e7a que a gente pode deixar para o nosso filho \u00e9 educ\u00e1-lo, form\u00e1-lo cidad\u00e3o ou cidad\u00e3, dar a ele uma profiss\u00e3o, para que ele possa trabalhar, e pelo seu trabalho, ter um sal\u00e1rio digno e decente para cuidar da sua fam\u00edlia. Essa \u00e9 a grande paix\u00e3o de qualquer pai e qualquer m\u00e3e&#8221;.<\/p>\n<p>Ele destacou que os recursos alocados em educa\u00e7\u00e3o n\u00e3o s\u00e3o gastos, s\u00e3o investimento. &#8220;Enquanto eu puder colocar dinheiro na educa\u00e7\u00e3o, \u00e9 proibido qualquer ministro meu utilizar a palavra gasto. Eu vou gastar se tiver que fazer cadeia, pris\u00e3o, para colocar essa juventude abandonada. Educa\u00e7\u00e3o \u00e9 investimento&#8221;, disse o presidente.<\/p>\n<p>O ministro da Educa\u00e7\u00e3o, Camilo Santana, destacou a sensibilidade do governo federal de promover o P\u00e9-de-Meia, diante do fato de que cerca de meio milh\u00e3o de estudantes abandonam a escola p\u00fablica no Ensino M\u00e9dio a cada ano. &#8220;Esse programa vem para dizer aos estudantes brasileiros que n\u00f3s n\u00e3o queremos nenhum aluno fora da escola p\u00fablica deste pa\u00eds. Porque somente atrav\u00e9s da educa\u00e7\u00e3o a gente tem condi\u00e7\u00f5es de transformar vidas. N\u00e3o h\u00e1 nenhuma sa\u00edda para o pa\u00eds e para a sociedade se desenvolver, gerar oportunidades, se n\u00e3o for atrav\u00e9s da educa\u00e7\u00e3o&#8221;, refor\u00e7ou.<\/p>\n<p>O governador do Cear\u00e1, Elmano de Freitas, disse que, com o programa de incentivo, ser\u00e1 poss\u00edvel avan\u00e7ar ainda mais na educa\u00e7\u00e3o a n\u00edvel regional. &#8220;Em 2023, a maior participa\u00e7\u00e3o no Enem do pa\u00eds foi do Cear\u00e1. E os nossos alunos fizeram hist\u00f3ria neste ano, com o maior resultado da nossa hist\u00f3ria. Ingressaram no ensino superior, saindo da escola p\u00fablica do Cear\u00e1, 22,5 mil jovens do Cear\u00e1&#8221;, informou.<\/p>\n<p><strong>Expans\u00e3o<\/strong><br \/>\nDe acordo com o Minist\u00e9rio da Educa\u00e7\u00e3o, os novos contemplados come\u00e7am a receber o P\u00e9-de-Meia a partir de agosto. J\u00e1 os alunos de EJA receber\u00e3o o benef\u00edcio em setembro, com o in\u00edcio do semestre letivo nessa modalidade de ensino.<\/p>\n<p>Criado para garantir a continuidade e frequ\u00eancia escolar dos jovens de baixa renda, o programa concede incentivo mensal de R$ 200 ao estudante, que pode ser sacado em qualquer momento, al\u00e9m de dep\u00f3sitos deR$ 1 mil ao final de cada ano conclu\u00eddo com aprova\u00e7\u00e3o, que s\u00f3 podem ser retirados da poupan\u00e7a ap\u00f3s a formatura no ensino m\u00e9dio.<\/p>\n<p>Atualmente, o programa \u00e9 voltado a estudantes de escolas p\u00fablicas benefici\u00e1rios do Bolsa Fam\u00edlia. Desde o primeiro semestre de 2024, 2,7 milh\u00f5es de jovens j\u00e1 receberam o incentivo.<\/p>\n","protected":false},"excerpt":{"rendered":"<p>O governo federal anunciou a amplia\u00e7\u00e3o do programa P\u00e9-de-Meia para estudantes do ensino m\u00e9dio de escolas p\u00fablicas e cujas fam\u00edlias estejam inscritas no Cadastro \u00danico (Cad\u00danico) e tenha renda per capita de at\u00e9 meio sal\u00e1rio m\u00ednimo. Atualmente, o benef\u00edcio abrange apenas estudantes de escolas p\u00fablicas que fazem parte do Programa Bolsa Fam\u00edlia. Com a expans\u00e3o, [&hellip;]<\/p>\n","protected":false},"author":2,"featured_media":333807,"comment_status":"closed","ping_status":"closed","sticky":false,"template":"","format":"standard","meta":{"_acf_changed":false,"footnotes":""},"categories":[165],"tags":[],"class_list":["post-333806","post","type-post","status-publish","format-standard","has-post-thumbnail","hentry","category-nordeste"],"acf":[],"_links":{"self":[{"href":"https:\/\/www.notibras.com\/site\/wp-json\/wp\/v2\/posts\/333806","targetHints":{"allow":["GET"]}}],"collection":[{"href":"https:\/\/www.notibras.com\/site\/wp-json\/wp\/v2\/posts"}],"about":[{"href":"https:\/\/www.notibras.com\/site\/wp-json\/wp\/v2\/types\/post"}],"author":[{"embeddable":true,"href":"https:\/\/www.notibras.com\/site\/wp-json\/wp\/v2\/users\/2"}],"replies":[{"embeddable":true,"href":"https:\/\/www.notibras.com\/site\/wp-json\/wp\/v2\/comments?post=333806"}],"version-history":[{"count":1,"href":"https:\/\/www.notibras.com\/site\/wp-json\/wp\/v2\/posts\/333806\/revisions"}],"predecessor-version":[{"id":333808,"href":"https:\/\/www.notibras.com\/site\/wp-json\/wp\/v2\/posts\/333806\/revisions\/333808"}],"wp:featuredmedia":[{"embeddable":true,"href":"https:\/\/www.notibras.com\/site\/wp-json\/wp\/v2\/media\/333807"}],"wp:attachment":[{"href":"https:\/\/www.notibras.com\/site\/wp-json\/wp\/v2\/media?parent=333806"}],"wp:term":[{"taxonomy":"category","embeddable":true,"href":"https:\/\/www.notibras.com\/site\/wp-json\/wp\/v2\/categories?post=333806"},{"taxonomy":"post_tag","embeddable":true,"href":"https:\/\/www.notibras.com\/site\/wp-json\/wp\/v2\/tags?post=333806"}],"curies":[{"name":"wp","href":"https:\/\/api.w.org\/{rel}","templated":true}]}}