{"id":333812,"date":"2024-08-03T00:12:02","date_gmt":"2024-08-03T03:12:02","guid":{"rendered":"https:\/\/www.notibras.com\/site\/?p=333812"},"modified":"2024-08-03T12:14:24","modified_gmt":"2024-08-03T15:14:24","slug":"maes-biologicas-e-adotivas-podem-ter-direitos-trabalhistas-iguais","status":"publish","type":"post","link":"https:\/\/www.notibras.com\/site\/maes-biologicas-e-adotivas-podem-ter-direitos-trabalhistas-iguais\/","title":{"rendered":"M\u00e3es biol\u00f3gicas e adotivas podem ter direitos trabalhistas iguais"},"content":{"rendered":"<p>O Supremo Tribunal Federal (STF) come\u00e7ou a julgar uma a\u00e7\u00e3o protocolada pela Procuradoria-Geral da Rep\u00fablica (PGR) para equiparar a licen\u00e7a-maternidade e a licen\u00e7a \u00e0 adotante para mulheres.<\/p>\n<p>A a\u00e7\u00e3o foi protocolada pela PGR em outubro de 2023 e pretende estender o tempo das licen\u00e7as-maternidade e adotante previsto na Consolida\u00e7\u00e3o das Leis do Trabalho (CLT), regra da iniciativa privada, para as servidoras p\u00fablicas, que s\u00e3o regidas pela Lei 8.112\/1990, conhecida como Estatuto dos Servidores P\u00fablicos, e a Lei Complementar 75\/1993, o Estatuto do Minist\u00e9rio P\u00fablico.<\/p>\n<p>Pela CLT, as m\u00e3es biol\u00f3gicas e adotantes t\u00eam direito a 120 dias de licen\u00e7a, prazo que pode ser prorrogado por mais 60 dias em empresas que participaram do Programa Empresa Cidad\u00e3. As servidoras gestantes tamb\u00e9m podem tirar 120 dias, mas as adotantes s\u00f3 t\u00eam direito a 90. A licen\u00e7a para mulher adotante cai para 30 dias no Minist\u00e9rio P\u00fablico.<\/p>\n<p>Para a PGR, o tratamento desigual em rela\u00e7\u00e3o ao regime de contrata\u00e7\u00e3o da mulher \u00e9 inconstitucional.<\/p>\n<p>&#8220;Entre os bens jur\u00eddicos tutelados pela licen\u00e7a-maternidade est\u00e1 a dignidade humana daquele que, pelo parto ou pela ado\u00e7\u00e3o, passa a integrar a fam\u00edlia na condi\u00e7\u00e3o de pessoa em desenvolvimento, titular e destinat\u00e1ria da constru\u00e7\u00e3o da rela\u00e7\u00e3o afetiva. Qualquer diferencia\u00e7\u00e3o que n\u00e3o se coadune com esse pressuposto h\u00e1 de ser reputada injusta e, por corol\u00e1rio, violadora da Constitui\u00e7\u00e3o Federal&#8221;, argumentou a procuradoria.<\/p>\n<p>Ao votar sobre a quest\u00e3o, o relator do caso, ministro Alexandre de Moraes, atendeu ao pedido da PGR. Para o ministro, a diferencia\u00e7\u00e3o entre maternidade biol\u00f3gica e adotiva \u00e9 inconstitucional.<\/p>\n<p>&#8220;Os dispositivos impugnados est\u00e3o em n\u00edtido confronto com os preceitos constitucionais invocados, especialmente o dever de prote\u00e7\u00e3o da maternidade, da inf\u00e2ncia e da fam\u00edlia, e o direito da crian\u00e7a adotada \u00e0 conviv\u00eancia familiar a salvo de toda forma de discrimina\u00e7\u00e3o&#8221;, afirmou o ministro.<\/p>\n<p>O julgamento ocorre no plen\u00e1rio virtual da Corte, modalidade na qual os ministros inserem os votos no sistema eletr\u00f4nico e n\u00e3o h\u00e1 delibera\u00e7\u00e3o presencial. A vota\u00e7\u00e3o vai at\u00e9 a pr\u00f3xima sexta-feira (9).<\/p>\n","protected":false},"excerpt":{"rendered":"<p>O Supremo Tribunal Federal (STF) come\u00e7ou a julgar uma a\u00e7\u00e3o protocolada pela Procuradoria-Geral da Rep\u00fablica (PGR) para equiparar a licen\u00e7a-maternidade e a licen\u00e7a \u00e0 adotante para mulheres. A a\u00e7\u00e3o foi protocolada pela PGR em outubro de 2023 e pretende estender o tempo das licen\u00e7as-maternidade e adotante previsto na Consolida\u00e7\u00e3o das Leis do Trabalho (CLT), regra [&hellip;]<\/p>\n","protected":false},"author":2,"featured_media":250701,"comment_status":"closed","ping_status":"closed","sticky":false,"template":"","format":"standard","meta":{"_acf_changed":false,"footnotes":""},"categories":[161],"tags":[],"class_list":["post-333812","post","type-post","status-publish","format-standard","has-post-thumbnail","hentry","category-quadradinho-em-foco"],"acf":[],"_links":{"self":[{"href":"https:\/\/www.notibras.com\/site\/wp-json\/wp\/v2\/posts\/333812","targetHints":{"allow":["GET"]}}],"collection":[{"href":"https:\/\/www.notibras.com\/site\/wp-json\/wp\/v2\/posts"}],"about":[{"href":"https:\/\/www.notibras.com\/site\/wp-json\/wp\/v2\/types\/post"}],"author":[{"embeddable":true,"href":"https:\/\/www.notibras.com\/site\/wp-json\/wp\/v2\/users\/2"}],"replies":[{"embeddable":true,"href":"https:\/\/www.notibras.com\/site\/wp-json\/wp\/v2\/comments?post=333812"}],"version-history":[{"count":1,"href":"https:\/\/www.notibras.com\/site\/wp-json\/wp\/v2\/posts\/333812\/revisions"}],"predecessor-version":[{"id":333813,"href":"https:\/\/www.notibras.com\/site\/wp-json\/wp\/v2\/posts\/333812\/revisions\/333813"}],"wp:featuredmedia":[{"embeddable":true,"href":"https:\/\/www.notibras.com\/site\/wp-json\/wp\/v2\/media\/250701"}],"wp:attachment":[{"href":"https:\/\/www.notibras.com\/site\/wp-json\/wp\/v2\/media?parent=333812"}],"wp:term":[{"taxonomy":"category","embeddable":true,"href":"https:\/\/www.notibras.com\/site\/wp-json\/wp\/v2\/categories?post=333812"},{"taxonomy":"post_tag","embeddable":true,"href":"https:\/\/www.notibras.com\/site\/wp-json\/wp\/v2\/tags?post=333812"}],"curies":[{"name":"wp","href":"https:\/\/api.w.org\/{rel}","templated":true}]}}