{"id":333817,"date":"2024-08-03T00:00:35","date_gmt":"2024-08-03T03:00:35","guid":{"rendered":"https:\/\/www.notibras.com\/site\/?p=333817"},"modified":"2024-08-03T12:26:52","modified_gmt":"2024-08-03T15:26:52","slug":"hospitais-do-nordeste-encabecam-lista-com-mais-internacoes-por-covid","status":"publish","type":"post","link":"https:\/\/www.notibras.com\/site\/hospitais-do-nordeste-encabecam-lista-com-mais-internacoes-por-covid\/","title":{"rendered":"Hospitais do Nordeste encabe\u00e7am lista com mais interna\u00e7\u00f5es por Covid"},"content":{"rendered":"<p>Estados do Nordeste, al\u00e9m do Amazonas e S\u00e3o Paulo, registraram nas \u00faltimas semanas aumento de interna\u00e7\u00f5es por covid-19 entre idosos. A informa\u00e7\u00e3o est\u00e1 no novo Boletim InfoGripe, divulgado pela Funda\u00e7\u00e3o Oswaldo Cruz (Fiocruz). Apesar da expans\u00e3o, o boletim adverte que as interna\u00e7\u00f5es causadas pela doen\u00e7a se mant\u00eam em patamares baixos, comparativamente ao hist\u00f3rico observado durante a pandemia. Os pesquisadores orientam que os hospitais reforcem a aten\u00e7\u00e3o para qualquer sinal de aumento significativo na dissemina\u00e7\u00e3o do v\u00edrus.<\/p>\n<p>De acordo com Fiocruz, o estudo apurou tamb\u00e9m aumento das interna\u00e7\u00f5es por influenza A entre os idosos em alguns estados das regi\u00f5es Sul e Sudeste, embora j\u00e1 exista sinal de interrup\u00e7\u00e3o do crescimento em outros estados do Centro-Sul. O boletim se refere \u00e0 Semana Epidemiol\u00f3gica (SE) 30, de 21 a 27 de julho, e se baseia nos dados inseridos no Sistema de Informa\u00e7\u00e3o da Vigil\u00e2ncia Epidemiol\u00f3gica da Gripe (Sivep-Gripe) at\u00e9 o dia 27 de julho.<\/p>\n<p>Em rela\u00e7\u00e3o ao v\u00edrus sincicial respirat\u00f3rio (VSR), foi verificada que a interrup\u00e7\u00e3o do crescimento ou a redu\u00e7\u00e3o do n\u00famero de interna\u00e7\u00f5es em crian\u00e7as at\u00e9 2 anos est\u00e1 mais consolidada em diversas regi\u00f5es do pa\u00eds. Entretanto, Santa Catarina e Roraima ainda apresentam ind\u00edcios de expans\u00e3o.<\/p>\n<p>O aumento de casos de s\u00edndrome respirat\u00f3ria aguda grave (SRAG) na Bahia e Piau\u00ed pode estar relacionado, principalmente, ao crescimento das interna\u00e7\u00f5es por rinov\u00edrus entre crian\u00e7as e adolescentes. No pa\u00eds, de modo geral, o InfoGripe aponta sinal de queda na tend\u00eancia de longo prazo (\u00faltimas seis semanas) e de curto prazo (\u00faltimas tr\u00eas semanas). Essa diminui\u00e7\u00e3o \u00e9 atribu\u00edda a uma queda ou interrup\u00e7\u00e3o no crescimento da SRAG por VSR e influenza A em muitos estados do pa\u00eds, embora os casos ainda estejam em ascens\u00e3o em outras unidades federativas. O v\u00edrus VSR se mant\u00e9m como a principal causa de interna\u00e7\u00e3o e \u00f3bitos em crian\u00e7as at\u00e9 2 anos de idade, ainda que demonstre queda nas \u00faltimas semanas, aponta o estudo.<\/p>\n<p>Outro v\u00edrus respirat\u00f3rio com destaque para a incid\u00eancia de SRAG em crian\u00e7as \u00e9 o rinov\u00edrus. A mortalidade da SRAG nas \u00faltimas oito semanas foi semelhante entre crian\u00e7as pequenas e idosos. Entre os idosos, destacam-se as mortes associadas ao v\u00edrus da gripe, influenza A e da covid-9.<\/p>\n<p><strong>Unidades federativas<\/strong><br \/>\nDe acordo como Boletim InfoGripe, tr\u00eas das 27 unidades federativas apresentam crescimento de SRAG na tend\u00eancia de longo prazo. S\u00e3o elas Bahia, Piau\u00ed e Roraima. A pesquisadora do Programa de Computa\u00e7\u00e3o Cientifica (Procc\/Fiocruz) e do InfoGripe Tatiana Portella informou que a atualiza\u00e7\u00e3o observou manuten\u00e7\u00e3o do aumento das interna\u00e7\u00f5es por influenza A entre os idosos em alguns estados das regi\u00f5es Sul e Sudeste, apesar de j\u00e1 haver sinal de interrup\u00e7\u00e3o do crescimento em outros estados do Centro-Sul.<\/p>\n<p>Tatiana disse que, em rela\u00e7\u00e3o ao VSR, a interrup\u00e7\u00e3o do crescimento ou a redu\u00e7\u00e3o do n\u00famero de interna\u00e7\u00f5es em crian\u00e7as at\u00e9 2 anos est\u00e1 mais consolidada em diversas regi\u00f5es do pa\u00eds. Contudo, os estados de Santa Catarina e Roraima ainda apresentam sinal de aumento. \u201cO aumento de casos de SRAG na Bahia se deve, principalmente, ao aumento das interna\u00e7\u00f5es por rinov\u00edrus entre crian\u00e7as e adolescentes. Ainda n\u00e3o \u00e9 poss\u00edvel determinar o v\u00edrus associado ao crescimento de casos de SRAG no Piau\u00ed, mas, levando em conta o cen\u00e1rio nacional e a faixa et\u00e1ria mais afetada (5-14 anos), \u00e9 poss\u00edvel que esse aumento tamb\u00e9m seja decorrente do rinov\u00edrus\u201d, afirmou Tatiana.<\/p>\n<p>Em rela\u00e7\u00e3o aos casos de SRAG por Sars-CoV-2, h\u00e1 incid\u00eancia maior em crian\u00e7as pequenas, enquanto a mortalidade tem sido mais elevada entre idosos a partir de 65 anos, sendo esta a segunda maior causa de \u00f3bitos por SRAG nessa faixa et\u00e1ria. Por\u00e9m, os impactos em termos de hospitaliza\u00e7\u00f5es e, tamb\u00e9m, de \u00f3bitos s\u00e3o inferiores aos observados atualmente para os v\u00edrus VSR e rinov\u00edrus em crian\u00e7as, e influenza A em idosos.<\/p>\n<p>Entre as capitais, quatro mostram amplia\u00e7\u00e3o nos casos de SRAG: Salvador, Teresina, Vit\u00f3ria e Florian\u00f3polis. Nas quatro \u00faltimas semanas epidemiol\u00f3gicas, a preval\u00eancia entre os casos positivos foi de 21,9% para influenza A; 1,1% para influenza B; 33,1% para VSR; e 11,7% para Sars-CoV-2 (covid-19). Quanto aos \u00f3bitos, a preval\u00eancia entre os casos positivos foi de 38,6% para influenza A; 1,7% para influenza B; 13,3% para VSR; e 27,8% para Sars-CoV-2.<\/p>\n<p><strong>Ano epidemiol\u00f3gico<\/strong><br \/>\nNo ano epidemiol\u00f3gico de 2024, j\u00e1 foram notificados 104.734 casos de SRAG, sendo 51.108 (48,8%) com resultado laboratorial positivo para algum v\u00edrus respirat\u00f3rio e 40.247 (38,4%) negativos. Pelo menos, 7.555 casos aguardam resultado laboratorial. Dentre os casos positivos do ano corrente, 19,3% s\u00e3o influenza A; 0,5%, influenza B; 44,4%, v\u00edrus sincicial respirat\u00f3rio; e 18,1%, Sars-CoV-2.<\/p>\n","protected":false},"excerpt":{"rendered":"<p>Estados do Nordeste, al\u00e9m do Amazonas e S\u00e3o Paulo, registraram nas \u00faltimas semanas aumento de interna\u00e7\u00f5es por covid-19 entre idosos. A informa\u00e7\u00e3o est\u00e1 no novo Boletim InfoGripe, divulgado pela Funda\u00e7\u00e3o Oswaldo Cruz (Fiocruz). Apesar da expans\u00e3o, o boletim adverte que as interna\u00e7\u00f5es causadas pela doen\u00e7a se mant\u00eam em patamares baixos, comparativamente ao hist\u00f3rico observado durante [&hellip;]<\/p>\n","protected":false},"author":2,"featured_media":333818,"comment_status":"closed","ping_status":"closed","sticky":false,"template":"","format":"standard","meta":{"_acf_changed":false,"footnotes":""},"categories":[165],"tags":[],"class_list":["post-333817","post","type-post","status-publish","format-standard","has-post-thumbnail","hentry","category-nordeste"],"acf":[],"_links":{"self":[{"href":"https:\/\/www.notibras.com\/site\/wp-json\/wp\/v2\/posts\/333817","targetHints":{"allow":["GET"]}}],"collection":[{"href":"https:\/\/www.notibras.com\/site\/wp-json\/wp\/v2\/posts"}],"about":[{"href":"https:\/\/www.notibras.com\/site\/wp-json\/wp\/v2\/types\/post"}],"author":[{"embeddable":true,"href":"https:\/\/www.notibras.com\/site\/wp-json\/wp\/v2\/users\/2"}],"replies":[{"embeddable":true,"href":"https:\/\/www.notibras.com\/site\/wp-json\/wp\/v2\/comments?post=333817"}],"version-history":[{"count":1,"href":"https:\/\/www.notibras.com\/site\/wp-json\/wp\/v2\/posts\/333817\/revisions"}],"predecessor-version":[{"id":333819,"href":"https:\/\/www.notibras.com\/site\/wp-json\/wp\/v2\/posts\/333817\/revisions\/333819"}],"wp:featuredmedia":[{"embeddable":true,"href":"https:\/\/www.notibras.com\/site\/wp-json\/wp\/v2\/media\/333818"}],"wp:attachment":[{"href":"https:\/\/www.notibras.com\/site\/wp-json\/wp\/v2\/media?parent=333817"}],"wp:term":[{"taxonomy":"category","embeddable":true,"href":"https:\/\/www.notibras.com\/site\/wp-json\/wp\/v2\/categories?post=333817"},{"taxonomy":"post_tag","embeddable":true,"href":"https:\/\/www.notibras.com\/site\/wp-json\/wp\/v2\/tags?post=333817"}],"curies":[{"name":"wp","href":"https:\/\/api.w.org\/{rel}","templated":true}]}}