{"id":333832,"date":"2024-08-03T00:00:58","date_gmt":"2024-08-03T03:00:58","guid":{"rendered":"https:\/\/www.notibras.com\/site\/?p=333832"},"modified":"2024-08-03T13:41:57","modified_gmt":"2024-08-03T16:41:57","slug":"governo-manda-recolher-16-marcas-de-cafes-improprios-para-consumo","status":"publish","type":"post","link":"https:\/\/www.notibras.com\/site\/governo-manda-recolher-16-marcas-de-cafes-improprios-para-consumo\/","title":{"rendered":"Governo manda recolher 16 marcas de caf\u00e9s impr\u00f3prios para consumo"},"content":{"rendered":"<p>O Minist\u00e9rio da Agricultura e Pecu\u00e1ria (Mapa) divulgou uma lista com 16 marcas de caf\u00e9 torrado considerados impr\u00f3prios para o consumo. An\u00e1lises encontraram mat\u00e9rias estranhas, impurezas ou elementos estranhos acima do limite permitido.<\/p>\n<p>Os produtos devem ser recolhidos pelas empresas respons\u00e1veis, como prev\u00ea a legisla\u00e7\u00e3o, em casos de risco \u00e0 sa\u00fade p\u00fablica, adultera\u00e7\u00e3o, fraude ou falsifica\u00e7\u00e3o.<\/p>\n<p>As 16 marcas de caf\u00e9 impr\u00f3prias para consumo s\u00e3o Oba Oba Sorriso, Exemplar, Mat\u00e3o, Belo, Moreno, Pureza, Terra da Saudade, G\u00f3es Tradicional a V\u00e1cuo, Serra do Brasil, Cambeense, Dourados, Do Norte, Salute, Ivaipor\u00e3, Terra da Gente e Dona Filinha.<\/p>\n<p>O minist\u00e9rio orienta a popula\u00e7\u00e3o que deixe de consumir esses caf\u00e9s e solicite a substitui\u00e7\u00e3o como determinado pelo C\u00f3digo de Defesa do Consumidor. Caso encontrem essas marcas sendo comercializadas, podem entrar em contato com pelo canal oficial\u202fFala.BR, informar o estabelecimento e o endere\u00e7o onde foi adquirido o produto.<\/p>\n<p>O Departamento de Inspe\u00e7\u00e3o de Produtos de Origem Vegetal da Secretaria de Defesa Agropecu\u00e1ria \u00e9 o respons\u00e1vel pelas fiscaliza\u00e7\u00f5es de caf\u00e9 torrado e mo\u00eddo no mercado interno.<\/p>\n<p>\u201cAp\u00f3s a realiza\u00e7\u00e3o da Opera\u00e7\u00e3o Valoriza, em mar\u00e7o de 2024, em que foram feitas fiscaliza\u00e7\u00f5es de caf\u00e9 torrado durante duas semanas de maneira concentrada, o Mapa continuou realizando fiscaliza\u00e7\u00f5es de rotina durante os meses seguintes, incluindo o atendimento \u00e0s den\u00fancias feitas por cidad\u00e3os por meio da plataforma Fala.BR\u201d, disse Ludmilla Verona, coordenadora de Fiscaliza\u00e7\u00e3o da Qualidade Vegetal.<\/p>\n<p>As a\u00e7\u00f5es de fiscaliza\u00e7\u00e3o e an\u00e1lise dos produtos fazem parte do Programa Nacional de Preven\u00e7\u00e3o e Combate \u00e0 Fraude e Clandestinidade em Produtos de Origem Vegetal (PNFraude), que tem como objetivo diminuir as fraudes e promover a regularidade de estabelecimentos produtores de g\u00eaneros de origem vegetal.<\/p>\n","protected":false},"excerpt":{"rendered":"<p>O Minist\u00e9rio da Agricultura e Pecu\u00e1ria (Mapa) divulgou uma lista com 16 marcas de caf\u00e9 torrado considerados impr\u00f3prios para o consumo. An\u00e1lises encontraram mat\u00e9rias estranhas, impurezas ou elementos estranhos acima do limite permitido. Os produtos devem ser recolhidos pelas empresas respons\u00e1veis, como prev\u00ea a legisla\u00e7\u00e3o, em casos de risco \u00e0 sa\u00fade p\u00fablica, adultera\u00e7\u00e3o, fraude ou [&hellip;]<\/p>\n","protected":false},"author":2,"featured_media":333833,"comment_status":"closed","ping_status":"closed","sticky":false,"template":"","format":"standard","meta":{"_acf_changed":false,"footnotes":""},"categories":[161],"tags":[],"class_list":["post-333832","post","type-post","status-publish","format-standard","has-post-thumbnail","hentry","category-quadradinho-em-foco"],"acf":[],"_links":{"self":[{"href":"https:\/\/www.notibras.com\/site\/wp-json\/wp\/v2\/posts\/333832","targetHints":{"allow":["GET"]}}],"collection":[{"href":"https:\/\/www.notibras.com\/site\/wp-json\/wp\/v2\/posts"}],"about":[{"href":"https:\/\/www.notibras.com\/site\/wp-json\/wp\/v2\/types\/post"}],"author":[{"embeddable":true,"href":"https:\/\/www.notibras.com\/site\/wp-json\/wp\/v2\/users\/2"}],"replies":[{"embeddable":true,"href":"https:\/\/www.notibras.com\/site\/wp-json\/wp\/v2\/comments?post=333832"}],"version-history":[{"count":1,"href":"https:\/\/www.notibras.com\/site\/wp-json\/wp\/v2\/posts\/333832\/revisions"}],"predecessor-version":[{"id":333834,"href":"https:\/\/www.notibras.com\/site\/wp-json\/wp\/v2\/posts\/333832\/revisions\/333834"}],"wp:featuredmedia":[{"embeddable":true,"href":"https:\/\/www.notibras.com\/site\/wp-json\/wp\/v2\/media\/333833"}],"wp:attachment":[{"href":"https:\/\/www.notibras.com\/site\/wp-json\/wp\/v2\/media?parent=333832"}],"wp:term":[{"taxonomy":"category","embeddable":true,"href":"https:\/\/www.notibras.com\/site\/wp-json\/wp\/v2\/categories?post=333832"},{"taxonomy":"post_tag","embeddable":true,"href":"https:\/\/www.notibras.com\/site\/wp-json\/wp\/v2\/tags?post=333832"}],"curies":[{"name":"wp","href":"https:\/\/api.w.org\/{rel}","templated":true}]}}