{"id":333835,"date":"2024-08-03T11:47:02","date_gmt":"2024-08-03T14:47:02","guid":{"rendered":"https:\/\/www.notibras.com\/site\/?p=333835"},"modified":"2024-08-03T13:48:48","modified_gmt":"2024-08-03T16:48:48","slug":"nordeste-tem-segundo-recorde-seguido-de-geracao-de-energia-eolica","status":"publish","type":"post","link":"https:\/\/www.notibras.com\/site\/nordeste-tem-segundo-recorde-seguido-de-geracao-de-energia-eolica\/","title":{"rendered":"Nordeste tem segundo recorde seguido de gera\u00e7\u00e3o de energia e\u00f3lica"},"content":{"rendered":"<p>A Regi\u00e3o Nordeste registrou na quinta-feira (1\u00ba), o segundo recorde consecutivo do ano na gera\u00e7\u00e3o de energia e\u00f3lica, segundo o Operador Nacional do Sistema El\u00e9trico (ONS). O registro, realizado \u00e0s 5h48, foi da gera\u00e7\u00e3o de 19.083 MW de pot\u00eancia, n\u00famero que equivale a 180,4% de toda demanda da regi\u00e3o naquele momento.<\/p>\n<p>O recorde anterior foi verificado no dia 27 de julho, quando o ONS registrou 19.028 MW gerados na fonte e\u00f3lica na Regi\u00e3o Nordeste brasileira. De acordo com a entidade, isso seria suficiente para, naquele momento, abastecer todo o Nordeste e ainda atender \u00e0 demanda dos estados do Rio de Janeiro e Goi\u00e1s.<\/p>\n<p>Ainda de acordo com a pasta, o per\u00edodo entre os meses de julho e setembro \u00e9 conhecido como temporada dos ventos, o que aumenta a possibilidade de que novos registros in\u00e9ditos sejam verificados nas semanas seguintes.<\/p>\n","protected":false},"excerpt":{"rendered":"<p>A Regi\u00e3o Nordeste registrou na quinta-feira (1\u00ba), o segundo recorde consecutivo do ano na gera\u00e7\u00e3o de energia e\u00f3lica, segundo o Operador Nacional do Sistema El\u00e9trico (ONS). O registro, realizado \u00e0s 5h48, foi da gera\u00e7\u00e3o de 19.083 MW de pot\u00eancia, n\u00famero que equivale a 180,4% de toda demanda da regi\u00e3o naquele momento. O recorde anterior foi [&hellip;]<\/p>\n","protected":false},"author":2,"featured_media":333836,"comment_status":"closed","ping_status":"closed","sticky":false,"template":"","format":"standard","meta":{"_acf_changed":false,"footnotes":""},"categories":[165],"tags":[],"class_list":["post-333835","post","type-post","status-publish","format-standard","has-post-thumbnail","hentry","category-nordeste"],"acf":[],"_links":{"self":[{"href":"https:\/\/www.notibras.com\/site\/wp-json\/wp\/v2\/posts\/333835","targetHints":{"allow":["GET"]}}],"collection":[{"href":"https:\/\/www.notibras.com\/site\/wp-json\/wp\/v2\/posts"}],"about":[{"href":"https:\/\/www.notibras.com\/site\/wp-json\/wp\/v2\/types\/post"}],"author":[{"embeddable":true,"href":"https:\/\/www.notibras.com\/site\/wp-json\/wp\/v2\/users\/2"}],"replies":[{"embeddable":true,"href":"https:\/\/www.notibras.com\/site\/wp-json\/wp\/v2\/comments?post=333835"}],"version-history":[{"count":1,"href":"https:\/\/www.notibras.com\/site\/wp-json\/wp\/v2\/posts\/333835\/revisions"}],"predecessor-version":[{"id":333837,"href":"https:\/\/www.notibras.com\/site\/wp-json\/wp\/v2\/posts\/333835\/revisions\/333837"}],"wp:featuredmedia":[{"embeddable":true,"href":"https:\/\/www.notibras.com\/site\/wp-json\/wp\/v2\/media\/333836"}],"wp:attachment":[{"href":"https:\/\/www.notibras.com\/site\/wp-json\/wp\/v2\/media?parent=333835"}],"wp:term":[{"taxonomy":"category","embeddable":true,"href":"https:\/\/www.notibras.com\/site\/wp-json\/wp\/v2\/categories?post=333835"},{"taxonomy":"post_tag","embeddable":true,"href":"https:\/\/www.notibras.com\/site\/wp-json\/wp\/v2\/tags?post=333835"}],"curies":[{"name":"wp","href":"https:\/\/api.w.org\/{rel}","templated":true}]}}