{"id":333848,"date":"2024-08-03T14:46:28","date_gmt":"2024-08-03T17:46:28","guid":{"rendered":"https:\/\/www.notibras.com\/site\/?p=333848"},"modified":"2024-08-03T14:47:49","modified_gmt":"2024-08-03T17:47:49","slug":"entrevistado-some-como-coelho-em-cartola-furada","status":"publish","type":"post","link":"https:\/\/www.notibras.com\/site\/entrevistado-some-como-coelho-em-cartola-furada\/","title":{"rendered":"Entrevistado some como coelho em cartola furada"},"content":{"rendered":"<p>Aceitou conceder entrevista, mas exigiu conferir antecipadamente as perguntas. Nada de falcatruas por parte do rep\u00f3rter. Do contr\u00e1rio, interromperia ali mesmo. O entrevistador, microfone conectado ao gravador do tamanho de um tijolo, acionou a tecla, e a grava\u00e7\u00e3o come\u00e7ou.<\/p>\n<p>\u2014 H\u00e1 quanto tempo est\u00e1 no of\u00edcio?<\/p>\n<p>\u2014 Costumo falar que antes de nascer. Meus pais, que tamb\u00e9m eram do ramo, se conheceram quando trabalharam na mesma trupe. Mam\u00e3e, para voc\u00ea ver, quase me teve durante a apresenta\u00e7\u00e3o. Foi por pouco. Logo ap\u00f3s os aplausos, nasci nas coxias.<\/p>\n<p>\u2014 Deve ter sido tensa tal situa\u00e7\u00e3o.<\/p>\n<p>\u2014 Para quem \u00e9 do ramo, n\u00e3o muito.<\/p>\n<p>\u2014 Mas a sua m\u00e3e n\u00e3o era malabarista?<\/p>\n<p>\u2014 Sim. E papai era palha\u00e7o.<\/p>\n<p>\u2014 Hum. Ent\u00e3o, por que voc\u00ea se tornou m\u00e1gico?<\/p>\n<p>\u2014 Porque quis.<\/p>\n<p>\u2014 Mas por qu\u00ea?<\/p>\n<p>\u2014 Porque, sim.<\/p>\n<p>\u2014 Mas n\u00e3o teve um motivo especial?<\/p>\n<p>\u2014 Vontade.<\/p>\n<p>\u2014 Vontade de ser diferente?<\/p>\n<p>\u2014 Vontade de ser m\u00e1gico.<\/p>\n<p>\u2014 Sem motivo?<\/p>\n<p>\u2014 Seus pais s\u00e3o rep\u00f3rteres?<\/p>\n<p>\u2014 N\u00e3o.<\/p>\n<p>\u2014 Por que voc\u00ea quis ser rep\u00f3rter, ent\u00e3o?<\/p>\n<p>\u2014 Porque, sim.<\/p>\n<p>\u2014 Mas deve ter tido um motivo.<\/p>\n<p>\u2014 Desejo.<\/p>\n<p>\u2014 Hum. Desejo de ser diferente?<\/p>\n<p>\u2014 Pera\u00ed! Quem faz as perguntas aqui sou eu.<\/p>\n<p>\u2014 Pois \u00e9, o jornalista \u00e9 voc\u00ea.<\/p>\n<p>\u2014 E voc\u00ea \u00e9 o m\u00e1gico.<\/p>\n<p>\u2014 Exato.<\/p>\n<p>\u2014 Ent\u00e3o, sua vida \u00e9 fazer truques.<\/p>\n<p>\u2014 M\u00e1gica.<\/p>\n<p>\u2014 Mas m\u00e1gica n\u00e3o existe.<\/p>\n<p>\u2014 Existe.<\/p>\n<p>\u2014 Hum&#8230; Voc\u00ea por acaso possui poderes?<\/p>\n<p>\u2014 Sou m\u00e1gico.<\/p>\n<p>\u2014 Ent\u00e3o, voc\u00ea tem poderes?<\/p>\n<p>\u2014 Sou m\u00e1gico.<\/p>\n<p>\u2014 Se \u00e9 m\u00e1gico, ent\u00e3o, prove.<\/p>\n<p>Diante de tamanha indiscri\u00e7\u00e3o, o m\u00e1gico se levantou e nunca mais apareceu. N\u00e3o se teve qualquer not\u00edcia dele. Talvez, tenha entrado em uma cartola. Ningu\u00e9m sabe ao certo. Escafedeu-se.<\/p>\n<p><strong>*Eduardo Mart\u00ednez \u00e9 autor do livro \u201c57 Contos e Cr\u00f4nicas por um Autor muito Velho\u201d.<\/strong><\/p>\n<p>Compre aqui\u00a0<span class=\"x19la9d6 x1fc57z9 x6ikm8r x10wlt62 x19co3pv x1g5zs5t xfibh0p xiy17q3 x1xsqp64 x1lkfr7t xexx8yu x4uap5 x18d9i69 xkhd6sd\"><span class=\"xrtxmta x1bhl96m\"><img decoding=\"async\" class=\"emoji\" role=\"img\" draggable=\"false\" src=\"https:\/\/s.w.org\/images\/core\/emoji\/14.0.0\/svg\/1f447-1f3ff.svg\" alt=\"&#x1f447;&#x1f3ff;\" \/><\/span><\/span><span class=\"x19la9d6 x1fc57z9 x6ikm8r x10wlt62 x19co3pv x1g5zs5t xfibh0p xiy17q3 x1xsqp64 x1lkfr7t xexx8yu x4uap5 x18d9i69 xkhd6sd\"><span class=\"xrtxmta x1bhl96m\"><img decoding=\"async\" class=\"emoji\" role=\"img\" draggable=\"false\" src=\"https:\/\/s.w.org\/images\/core\/emoji\/14.0.0\/svg\/1f447-1f3ff.svg\" alt=\"&#x1f447;&#x1f3ff;\" \/><\/span><\/span><span class=\"x19la9d6 x1fc57z9 x6ikm8r x10wlt62 x19co3pv x1g5zs5t xfibh0p xiy17q3 x1xsqp64 x1lkfr7t xexx8yu x4uap5 x18d9i69 xkhd6sd\"><span class=\"xrtxmta x1bhl96m\"><img decoding=\"async\" class=\"emoji\" role=\"img\" draggable=\"false\" src=\"https:\/\/s.w.org\/images\/core\/emoji\/14.0.0\/svg\/1f447-1f3ff.svg\" alt=\"&#x1f447;&#x1f3ff;\" \/><\/span><\/span><\/p>\n<p><a href=\"http:\/\/www.joanineditora.com.br\/57-contos-e-cronicas-por-um-autor-muito-velho\">http:\/\/www.joanineditora.com.br\/57-contos-e-cronicas-por-um-autor-muito-velho<\/a><\/p>\n","protected":false},"excerpt":{"rendered":"<p>Aceitou conceder entrevista, mas exigiu conferir antecipadamente as perguntas. Nada de falcatruas por parte do rep\u00f3rter. Do contr\u00e1rio, interromperia ali mesmo. O entrevistador, microfone conectado ao gravador do tamanho de um tijolo, acionou a tecla, e a grava\u00e7\u00e3o come\u00e7ou. \u2014 H\u00e1 quanto tempo est\u00e1 no of\u00edcio? \u2014 Costumo falar que antes de nascer. Meus pais, [&hellip;]<\/p>\n","protected":false},"author":2,"featured_media":333849,"comment_status":"closed","ping_status":"closed","sticky":false,"template":"","format":"standard","meta":{"_acf_changed":false,"footnotes":""},"categories":[161],"tags":[],"class_list":["post-333848","post","type-post","status-publish","format-standard","has-post-thumbnail","hentry","category-quadradinho-em-foco"],"acf":[],"_links":{"self":[{"href":"https:\/\/www.notibras.com\/site\/wp-json\/wp\/v2\/posts\/333848","targetHints":{"allow":["GET"]}}],"collection":[{"href":"https:\/\/www.notibras.com\/site\/wp-json\/wp\/v2\/posts"}],"about":[{"href":"https:\/\/www.notibras.com\/site\/wp-json\/wp\/v2\/types\/post"}],"author":[{"embeddable":true,"href":"https:\/\/www.notibras.com\/site\/wp-json\/wp\/v2\/users\/2"}],"replies":[{"embeddable":true,"href":"https:\/\/www.notibras.com\/site\/wp-json\/wp\/v2\/comments?post=333848"}],"version-history":[{"count":3,"href":"https:\/\/www.notibras.com\/site\/wp-json\/wp\/v2\/posts\/333848\/revisions"}],"predecessor-version":[{"id":333852,"href":"https:\/\/www.notibras.com\/site\/wp-json\/wp\/v2\/posts\/333848\/revisions\/333852"}],"wp:featuredmedia":[{"embeddable":true,"href":"https:\/\/www.notibras.com\/site\/wp-json\/wp\/v2\/media\/333849"}],"wp:attachment":[{"href":"https:\/\/www.notibras.com\/site\/wp-json\/wp\/v2\/media?parent=333848"}],"wp:term":[{"taxonomy":"category","embeddable":true,"href":"https:\/\/www.notibras.com\/site\/wp-json\/wp\/v2\/categories?post=333848"},{"taxonomy":"post_tag","embeddable":true,"href":"https:\/\/www.notibras.com\/site\/wp-json\/wp\/v2\/tags?post=333848"}],"curies":[{"name":"wp","href":"https:\/\/api.w.org\/{rel}","templated":true}]}}