{"id":333864,"date":"2024-08-04T07:30:35","date_gmt":"2024-08-04T10:30:35","guid":{"rendered":"https:\/\/www.notibras.com\/site\/?p=333864"},"modified":"2024-08-04T07:30:35","modified_gmt":"2024-08-04T10:30:35","slug":"agosto-chega-trazendo-vento-e-frio-para-praieiros","status":"publish","type":"post","link":"https:\/\/www.notibras.com\/site\/agosto-chega-trazendo-vento-e-frio-para-praieiros\/","title":{"rendered":"Agosto chega trazendo vento e frio para praieiros"},"content":{"rendered":"<p>O m\u00eas de agosto no Nordeste brasileiro \u00e9 tradicionalmente associado ao vento forte e \u00e0s chuvas esparsas, caracter\u00edsticas que trazem um intervalo para o calor t\u00edpico da regi\u00e3o. Para os praieiros, aqueles que vivem pr\u00f3ximos ao litoral e t\u00eam a praia como parte essencial do seu cotidiano, essa mudan\u00e7a clim\u00e1tica \u00e9 sentida de maneira espec\u00edfica.<\/p>\n<p>As manh\u00e3s come\u00e7am com o barulho das ondas batendo mais forte na areia, o vento uivando entre as casas e os coqueiros dan\u00e7ando uma coreografia fren\u00e9tica. O c\u00e9u, muitas vezes azul e sem nuvens, d\u00e1 lugar a um cinza que anuncia a chegada da chuva. E quando ela vem, n\u00e3o \u00e9 uma chuva qualquer: \u00e9 uma chuva fria, que penetra nos ossos e faz os praieiros retirarem seus casacos dos arm\u00e1rios.<\/p>\n<p>Para muitos, essa \u00e9poca do ano traz uma nostalgia doce. \u00c9 o momento de se reunir com a fam\u00edlia em torno de uma mesa, tomando um caf\u00e9 quente ou um chocolate, enquanto observam uma tempestade pela janela. As crian\u00e7as, que normalmente correm descal\u00e7as e despreocupadas pela areia, agora se encolhem embaixo de cobertores, ouvindo hist\u00f3rias dos mais velhos sobre outros agostos.<\/p>\n<p>Os vendedores ambulantes, que dependem do movimento nas praias para garantir seu sustento, enfrentam dias mais dif\u00edceis. As barracas de coco, as bancas de artesanato e os quiosques de comida t\u00edpica ficam mais vazios. Mesmo assim, h\u00e1 uma resili\u00eancia na comunidade praieira que n\u00e3o se reduz facilmente. Eles sabem que o vento e a chuva de agosto s\u00e3o passageiros e que logo o sol voltar\u00e1 a brilhar com for\u00e7a total, trazendo de volta a vida vibrante das praias nordestinas.<\/p>\n<p>As barracas, t\u00e3o movimentadas nos meses anteriores, agora abrigam poucos frequentadores. Os comerciantes se adaptam, oferecendo bebidas quentes e petiscos que aquecem o corpo e a alma. O som das risadas e conversas animadas d\u00e1 lugar ao barulho das gotas de chuva caindo nas lonas e ao som do vento assobiando entre as palmas dos coqueirais.<\/p>\n<p>Para muitos, agosto \u00e9 um momento de introspec\u00e7\u00e3o. As caminhadas \u00e0 beira-mar se tornam mais reflexivas, e o c\u00e9u nublado parece convidar uma pausa para pensar na vida. Os surfistas, no entanto, encontram nas ondas revoltas uma oportunidade. As condi\u00e7\u00f5es adversas se transformam em um desafio bem-vindo, e eles se lan\u00e7am ao mar em busca da onda perfeita para o esporte preferido.<\/p>\n","protected":false},"excerpt":{"rendered":"<p>O m\u00eas de agosto no Nordeste brasileiro \u00e9 tradicionalmente associado ao vento forte e \u00e0s chuvas esparsas, caracter\u00edsticas que trazem um intervalo para o calor t\u00edpico da regi\u00e3o. Para os praieiros, aqueles que vivem pr\u00f3ximos ao litoral e t\u00eam a praia como parte essencial do seu cotidiano, essa mudan\u00e7a clim\u00e1tica \u00e9 sentida de maneira espec\u00edfica. [&hellip;]<\/p>\n","protected":false},"author":2,"featured_media":333865,"comment_status":"closed","ping_status":"closed","sticky":false,"template":"","format":"standard","meta":{"_acf_changed":false,"footnotes":""},"categories":[165],"tags":[],"class_list":["post-333864","post","type-post","status-publish","format-standard","has-post-thumbnail","hentry","category-nordeste"],"acf":[],"_links":{"self":[{"href":"https:\/\/www.notibras.com\/site\/wp-json\/wp\/v2\/posts\/333864","targetHints":{"allow":["GET"]}}],"collection":[{"href":"https:\/\/www.notibras.com\/site\/wp-json\/wp\/v2\/posts"}],"about":[{"href":"https:\/\/www.notibras.com\/site\/wp-json\/wp\/v2\/types\/post"}],"author":[{"embeddable":true,"href":"https:\/\/www.notibras.com\/site\/wp-json\/wp\/v2\/users\/2"}],"replies":[{"embeddable":true,"href":"https:\/\/www.notibras.com\/site\/wp-json\/wp\/v2\/comments?post=333864"}],"version-history":[{"count":1,"href":"https:\/\/www.notibras.com\/site\/wp-json\/wp\/v2\/posts\/333864\/revisions"}],"predecessor-version":[{"id":333866,"href":"https:\/\/www.notibras.com\/site\/wp-json\/wp\/v2\/posts\/333864\/revisions\/333866"}],"wp:featuredmedia":[{"embeddable":true,"href":"https:\/\/www.notibras.com\/site\/wp-json\/wp\/v2\/media\/333865"}],"wp:attachment":[{"href":"https:\/\/www.notibras.com\/site\/wp-json\/wp\/v2\/media?parent=333864"}],"wp:term":[{"taxonomy":"category","embeddable":true,"href":"https:\/\/www.notibras.com\/site\/wp-json\/wp\/v2\/categories?post=333864"},{"taxonomy":"post_tag","embeddable":true,"href":"https:\/\/www.notibras.com\/site\/wp-json\/wp\/v2\/tags?post=333864"}],"curies":[{"name":"wp","href":"https:\/\/api.w.org\/{rel}","templated":true}]}}