{"id":333888,"date":"2024-08-04T06:58:49","date_gmt":"2024-08-04T09:58:49","guid":{"rendered":"https:\/\/www.notibras.com\/site\/?p=333888"},"modified":"2024-08-04T09:01:44","modified_gmt":"2024-08-04T12:01:44","slug":"conflitos-familiares-provocam-disputa-de-guarda-dos-filhos","status":"publish","type":"post","link":"https:\/\/www.notibras.com\/site\/conflitos-familiares-provocam-disputa-de-guarda-dos-filhos\/","title":{"rendered":"Conflitos familiares provocam disputa de guarda dos filhos"},"content":{"rendered":"<p>Crian\u00e7as e adolescentes que vivenciam frequentemente discuss\u00f5es entre os pais t\u00eam mais probabilidades de desenvolver problemas emocionais, adoecer psicologicamente e ter seu processo de amadurecimento prejudicado. Isso acontece porque o processo de amadurecimento da crian\u00e7a depende de seus cuidadores principais e de um ambiente minimamente est\u00e1vel. Somos os \u00fanicos mam\u00edferos que necessitam de muito tempo e de outro ser humano para nos desenvolvermos, sem isso estar\u00edamos abandonados \u00e0 pr\u00f3pria sorte e, nesse caso, n\u00e3o sobreviver\u00edamos.<\/p>\n<p>Uma vez sobrevivendo fisicamente, precisamos sobreviver e viver psicologicamente; portanto, tamb\u00e9m necessitamos de alimento emocional: afeto, compreens\u00e3o, dire\u00e7\u00e3o e limites. Quando as brigas entre os pais s\u00e3o frequentes, as crian\u00e7as se sentem perdidas e em estado de alerta, sendo comum come\u00e7arem a manifestar disfun\u00e7\u00f5es que indicam que algo est\u00e1 errado; essas disfun\u00e7\u00f5es se manifestam em forma de sintomas &#8211; sono prejudicado, alimenta\u00e7\u00e3o em excesso ou reduzida, dificuldades na escola, problemas de socializa\u00e7\u00e3o, ansiedade constante, hiperatividade, desaten\u00e7\u00e3o, medo, depress\u00e3o, necessidade dos pais, amadurecimento precoce, erotiza\u00e7\u00e3o precoce, entre outros.<\/p>\n<p>Dotadas de sensibilidade, intelig\u00eancia, percep\u00e7\u00e3o do clima emocional familiar e, principalmente, do seu inconsciente, essas crian\u00e7as absorvem a animosidade como esponjas, arquivando sensa\u00e7\u00f5es, sentimentos e ideias que certamente eclodir\u00e3o em algum momento da vida se n\u00e3o forem tratadas, resultando em preju\u00edzos na pr\u00f3pria inf\u00e2ncia e posteriormente na vida adulta.<\/p>\n<p>As pessoas n\u00e3o se casam pensando em se separar, mas diante de tantos conflitos conjugais, a separa\u00e7\u00e3o pode ser vista como uma sa\u00edda para alcan\u00e7ar alguma harmonia. Isso n\u00e3o significa que outros problemas n\u00e3o surgir\u00e3o. Viver \u00e9 a arte de lidar emocionalmente com os problemas, pois eles sempre estar\u00e3o presentes em maior ou menor grau.<\/p>\n<p>Um processo de separa\u00e7\u00e3o judicial traz muitas ang\u00fastias individuais, e quando envolve lit\u00edgio, torna-se ainda mais complexo. Todos os envolvidos est\u00e3o mobilizados e as crian\u00e7as percebem tudo, embora n\u00e3o consigam nomear o que observam ou sentem. As animosidades veladas e as discuss\u00f5es abertas s\u00e3o intensamente percebidas pelas crian\u00e7as, mesmo que n\u00e3o tenham presenciado ou ouvido nada, pois o inconsciente est\u00e1 presente.<\/p>\n<p>Ouvir essas fam\u00edlias requer sensibilidade e habilidade para compreender os conflitos humanos, n\u00e3o em busca de culpados, mas sim do sentido de responsabilidade de cada um pela situa\u00e7\u00e3o atual e como poder\u00e3o lidar com a nova escolha, considerando que h\u00e1 filhos envolvidos que precisam ser protegidos emocionalmente.<\/p>\n<p>\u00c9 comum observar que alguns adultos ignoram a vida mental das crian\u00e7as, acreditando que elas n\u00e3o percebem o que acontece na fam\u00edlia. As crian\u00e7as veem e sentem tudo, apenas n\u00e3o conseguem compreender, o que as deixa inseguras e angustiadas.<\/p>\n<p>A experi\u00eancia em per\u00edcia psicol\u00f3gica muitas vezes revela a falta de uma parentalidade positiva baseada em confian\u00e7a e seguran\u00e7a para a crian\u00e7a, que \u00e9 a \u00fanica forma de rela\u00e7\u00e3o que os ex-c\u00f4njuges, agora pais, deveriam ter. Encaminhar a crian\u00e7a para terapia \u00e9 proporcionar a ela a oportunidade de ser ouvida como sujeito em seu conflito interno, separado do conflito dos pais. \u00c9 dar a ela a chance de refletir, questionar, entrar em contato com suas emo\u00e7\u00f5es e fortalecer-se psicologicamente para n\u00e3o ser fragilizada ou incapacitada pelo conflito parental. Ela fica envolvida com a situa\u00e7\u00e3o dos pais e consigo mesma, paralisada emocionalmente e sem refer\u00eancia quando seus pais falham na fun\u00e7\u00e3o parental; isso a deixa \u00e0 deriva, sem orienta\u00e7\u00e3o.<\/p>\n<p>Pensando nesse vi\u00e9s, a escuta cl\u00ednica de um psicanalista ou psic\u00f3logo com compreens\u00e3o da psicologia jur\u00eddica pode ser um grande al\u00edvio emocional para o desenvolvimento psicol\u00f3gico das crian\u00e7as, promovendo a sa\u00fade mental e oferecendo novas possibilidades de crescimento saud\u00e1vel. Uma per\u00edcia psicol\u00f3gica n\u00e3o ir\u00e1 tratar os envolvidos, mas pode orientar tanto o juiz quanto os participantes sobre como lidar com os sentimentos envolvidos, o que pode ser evitado, mudado e melhorado.<\/p>\n<p>Ap\u00f3s a separa\u00e7\u00e3o e a decis\u00e3o judicial, essas fam\u00edlias precisar\u00e3o seguir em frente, e o caminho a ser percorrido envolve refletir sobre os conflitos individuais e familiares. Pessoas que, ao se separarem, buscam ajuda psicol\u00f3gica quando necess\u00e1rio t\u00eam mais chances de crescer em suas novas escolhas.<\/p>\n<p><strong>*Psicanalista, psic\u00f3loga. Membro da Sociedade Brasileira de Psican\u00e1lise do Rio de Janeiro. Membro da International Psychoanalytical Association &#8211; UK. Membro da Federaci\u00f3n Psicoanal\u00edtica de Am\u00e9rica Latina<\/strong><\/p>\n","protected":false},"excerpt":{"rendered":"<p>Crian\u00e7as e adolescentes que vivenciam frequentemente discuss\u00f5es entre os pais t\u00eam mais probabilidades de desenvolver problemas emocionais, adoecer psicologicamente e ter seu processo de amadurecimento prejudicado. Isso acontece porque o processo de amadurecimento da crian\u00e7a depende de seus cuidadores principais e de um ambiente minimamente est\u00e1vel. Somos os \u00fanicos mam\u00edferos que necessitam de muito tempo [&hellip;]<\/p>\n","protected":false},"author":2,"featured_media":333889,"comment_status":"closed","ping_status":"closed","sticky":false,"template":"","format":"standard","meta":{"_acf_changed":false,"footnotes":""},"categories":[161],"tags":[],"class_list":["post-333888","post","type-post","status-publish","format-standard","has-post-thumbnail","hentry","category-quadradinho-em-foco"],"acf":[],"_links":{"self":[{"href":"https:\/\/www.notibras.com\/site\/wp-json\/wp\/v2\/posts\/333888","targetHints":{"allow":["GET"]}}],"collection":[{"href":"https:\/\/www.notibras.com\/site\/wp-json\/wp\/v2\/posts"}],"about":[{"href":"https:\/\/www.notibras.com\/site\/wp-json\/wp\/v2\/types\/post"}],"author":[{"embeddable":true,"href":"https:\/\/www.notibras.com\/site\/wp-json\/wp\/v2\/users\/2"}],"replies":[{"embeddable":true,"href":"https:\/\/www.notibras.com\/site\/wp-json\/wp\/v2\/comments?post=333888"}],"version-history":[{"count":1,"href":"https:\/\/www.notibras.com\/site\/wp-json\/wp\/v2\/posts\/333888\/revisions"}],"predecessor-version":[{"id":333890,"href":"https:\/\/www.notibras.com\/site\/wp-json\/wp\/v2\/posts\/333888\/revisions\/333890"}],"wp:featuredmedia":[{"embeddable":true,"href":"https:\/\/www.notibras.com\/site\/wp-json\/wp\/v2\/media\/333889"}],"wp:attachment":[{"href":"https:\/\/www.notibras.com\/site\/wp-json\/wp\/v2\/media?parent=333888"}],"wp:term":[{"taxonomy":"category","embeddable":true,"href":"https:\/\/www.notibras.com\/site\/wp-json\/wp\/v2\/categories?post=333888"},{"taxonomy":"post_tag","embeddable":true,"href":"https:\/\/www.notibras.com\/site\/wp-json\/wp\/v2\/tags?post=333888"}],"curies":[{"name":"wp","href":"https:\/\/api.w.org\/{rel}","templated":true}]}}