{"id":333940,"date":"2024-08-05T07:15:57","date_gmt":"2024-08-05T10:15:57","guid":{"rendered":"https:\/\/www.notibras.com\/site\/?p=333940"},"modified":"2024-08-05T07:15:57","modified_gmt":"2024-08-05T10:15:57","slug":"clima-de-eleicao-comeca-a-mudar-cara-do-nordeste","status":"publish","type":"post","link":"https:\/\/www.notibras.com\/site\/clima-de-eleicao-comeca-a-mudar-cara-do-nordeste\/","title":{"rendered":"Clima de elei\u00e7\u00e3o come\u00e7a a mudar cara do Nordeste"},"content":{"rendered":"<p>Com a aproxima\u00e7\u00e3o das elei\u00e7\u00f5es para prefeitos e vereadores em outubro pr\u00f3ximo, o cen\u00e1rio pol\u00edtico do Nordeste come\u00e7a a se transformar. Os candidatos est\u00e3o intensificando suas campanhas, buscando conquistar o apoio dos eleitores em uma regi\u00e3o conhecida por sua diversidade cultural e econ\u00f4mica. \u00c9 sabido que o resultado das urnas municipais ter\u00e3o um forte impacto na sucess\u00e3o presidencial, em 206.<\/p>\n<p>As principais cidades da regi\u00e3o, como Salvador, Recife e Fortaleza, t\u00eam visto um aumento significativo de movimenta\u00e7\u00f5es, debates e eventos comunit\u00e1rios. Os candidatos est\u00e3o prometendo melhorias em \u00e1reas cr\u00edticas como sa\u00fade, educa\u00e7\u00e3o, infraestrutura e seguran\u00e7a p\u00fablica. Al\u00e9m disso, quest\u00f5es ambientais e de sustentabilidade t\u00eam ganhado destaque nas plataformas pol\u00edticas, refletindo uma crescente preocupa\u00e7\u00e3o com os impactos das mudan\u00e7as clim\u00e1ticas.<\/p>\n<p>O eleitorado nordestino, historicamente conhecido por sua participa\u00e7\u00e3o ativa, est\u00e1 sendo cortejado com promessas de desenvolvimento econ\u00f4mico e social. Programas de gera\u00e7\u00e3o de emprego, investimentos em turismo e apoio \u00e0 agricultura familiar s\u00e3o algumas das propostas que t\u00eam ressoado com a popula\u00e7\u00e3o local.<\/p>\n<p>No entanto, o cen\u00e1rio pol\u00edtico tamb\u00e9m enfrenta desafios. A polariza\u00e7\u00e3o pol\u00edtica e a desconfian\u00e7a nas institui\u00e7\u00f5es s\u00e3o barreiras que os candidatos precisam superar. As redes sociais desempenham um papel crucial na dissemina\u00e7\u00e3o de informa\u00e7\u00f5es e desinforma\u00e7\u00f5es, tornando a batalha pela opini\u00e3o p\u00fablica ainda mais acirrada.<\/p>\n<p>\u00c0 medida que as elei\u00e7\u00f5es se aproximam, a expectativa \u00e9 de uma corrida acirrada, com candidatos de diferentes espectros pol\u00edticos disputando voto a voto. A capacidade de mobiliza\u00e7\u00e3o das bases eleitorais e a efic\u00e1cia das estrat\u00e9gias de campanha ser\u00e3o determinantes para definir os vencedores em outubro.<\/p>\n<p>Pelo clima reinante, pode-se afirmar que o Nordeste se prepara para um per\u00edodo eleitoral vibrante, com debates intensos e a esperan\u00e7a de que os resultados tragam avan\u00e7os significativos para a regi\u00e3o e sua popula\u00e7\u00e3o.<\/p>\n","protected":false},"excerpt":{"rendered":"<p>Com a aproxima\u00e7\u00e3o das elei\u00e7\u00f5es para prefeitos e vereadores em outubro pr\u00f3ximo, o cen\u00e1rio pol\u00edtico do Nordeste come\u00e7a a se transformar. Os candidatos est\u00e3o intensificando suas campanhas, buscando conquistar o apoio dos eleitores em uma regi\u00e3o conhecida por sua diversidade cultural e econ\u00f4mica. \u00c9 sabido que o resultado das urnas municipais ter\u00e3o um forte impacto [&hellip;]<\/p>\n","protected":false},"author":2,"featured_media":284215,"comment_status":"closed","ping_status":"closed","sticky":false,"template":"","format":"standard","meta":{"_acf_changed":false,"footnotes":""},"categories":[165],"tags":[],"class_list":["post-333940","post","type-post","status-publish","format-standard","has-post-thumbnail","hentry","category-nordeste"],"acf":[],"_links":{"self":[{"href":"https:\/\/www.notibras.com\/site\/wp-json\/wp\/v2\/posts\/333940","targetHints":{"allow":["GET"]}}],"collection":[{"href":"https:\/\/www.notibras.com\/site\/wp-json\/wp\/v2\/posts"}],"about":[{"href":"https:\/\/www.notibras.com\/site\/wp-json\/wp\/v2\/types\/post"}],"author":[{"embeddable":true,"href":"https:\/\/www.notibras.com\/site\/wp-json\/wp\/v2\/users\/2"}],"replies":[{"embeddable":true,"href":"https:\/\/www.notibras.com\/site\/wp-json\/wp\/v2\/comments?post=333940"}],"version-history":[{"count":1,"href":"https:\/\/www.notibras.com\/site\/wp-json\/wp\/v2\/posts\/333940\/revisions"}],"predecessor-version":[{"id":333941,"href":"https:\/\/www.notibras.com\/site\/wp-json\/wp\/v2\/posts\/333940\/revisions\/333941"}],"wp:featuredmedia":[{"embeddable":true,"href":"https:\/\/www.notibras.com\/site\/wp-json\/wp\/v2\/media\/284215"}],"wp:attachment":[{"href":"https:\/\/www.notibras.com\/site\/wp-json\/wp\/v2\/media?parent=333940"}],"wp:term":[{"taxonomy":"category","embeddable":true,"href":"https:\/\/www.notibras.com\/site\/wp-json\/wp\/v2\/categories?post=333940"},{"taxonomy":"post_tag","embeddable":true,"href":"https:\/\/www.notibras.com\/site\/wp-json\/wp\/v2\/tags?post=333940"}],"curies":[{"name":"wp","href":"https:\/\/api.w.org\/{rel}","templated":true}]}}