{"id":333945,"date":"2024-08-05T07:37:42","date_gmt":"2024-08-05T10:37:42","guid":{"rendered":"https:\/\/www.notibras.com\/site\/?p=333945"},"modified":"2024-08-05T07:38:49","modified_gmt":"2024-08-05T10:38:49","slug":"fofoca-suburbana-faz-primos-irmaos-se-afastarem","status":"publish","type":"post","link":"https:\/\/www.notibras.com\/site\/fofoca-suburbana-faz-primos-irmaos-se-afastarem\/","title":{"rendered":"Fofoca suburbana faz primos-irm\u00e3os se afastarem"},"content":{"rendered":"<p>Natanael e Teodoro, primos que eram, se conheciam desde os remotos tempos de menino. Cresceram no s\u00edtio da fam\u00edlia e, com o passar dos anos, viram a parentada abandonar a ro\u00e7a e rumar para a cidade.<\/p>\n<p>Cuidavam dos porcos juntos, cuidavam das galinhas juntos, cuidavam das cabras e ovelhas juntos, cuidavam das vacas e cavalos juntos e, tamb\u00e9m, cuidavam da planta\u00e7\u00e3o juntos. Tratavam de tudo e, por fim, exaustos que estavam, adormeciam no mesmo quarto todas as noites.<\/p>\n<p>Antes do dia clarear, l\u00e1 estavam aqueles dois prontos para recome\u00e7arem tudo de novo. Essa rotina, al\u00e9m de fazer com que a conta conjunta crescesse, gerou fofoca na vizinhan\u00e7a, que, n\u00e3o tardou, chegou aos ouvidos dos familiares. Que hist\u00f3ria era aquela? Por que Natanael e Teodoro, cada qual com 50 anos nas costas, n\u00e3o haviam arrumado esposas?<\/p>\n<p>Os parentes se juntaram para ter um dedo de prosa com Natanael e Teodoro. Foi num domingo, logo ap\u00f3s a missa, que a caravana chegou ao s\u00edtio. Diante de toda aquela gente conhecida, os dois homens pensaram que era alguma data comemorativa. Que nada! Era pura falta do que fazer, al\u00e9m de se intrometer na vida particular dos outros. E a primeira a se pronunciar foi tia Jurema, do alto de sua autoridade de matriarca.<\/p>\n<p>\u2014 Olha aqui, Natanael! Olha aqui, Teodoro! Que maldi\u00e7\u00e3o de solteirice \u00e9 essa?<\/p>\n<p>Os dois solteir\u00f5es se entreolharam, enquanto a velha prosseguiu.<\/p>\n<p>\u2014 O povo j\u00e1 t\u00e1 falando! E, quando o povo fala, tem coisa!<\/p>\n<p>Teodoro, talvez o mais corajoso, tentou abrir a boca para se pronunciar, mas foi logo interrompido por mais saraivadas de tia Jurema.<\/p>\n<p>\u2014 Ou voc\u00eas arrumam mulher ou, do contr\u00e1rio, um dos dois vai ter que se mudar daqui. E fa\u00e7am isso antes que a f\u00faria de Deus caia sobre seus corpos tomados por pecados.<\/p>\n<p>Dito o que era para ser falado, a matriarca deu meia-volta e, com a horda no encal\u00e7o, entrou em um dos carros e foi embora. Natanael e Teodoro, de p\u00e9 em frente ao s\u00edtio, testemunharam a poeira se levantar e adormecer na estrada de ch\u00e3o.<\/p>\n<p>N\u00e3o se passou nem sequer um m\u00eas, quando a propriedade foi vendida. Os primos dividiram igualmente o dinheiro e, ent\u00e3o, cada um tomou seu rumo. Viveram infelizes para sempre, enquanto a parentada ficou aliviada.<\/p>\n<p><strong>*Eduardo Mart\u00ednez \u00e9 autor do livro \u201c57 Contos e Cr\u00f4nicas por um Autor muito Velho\u201d.<\/strong><\/p>\n<p>Compre aqui\u00a0<span class=\"x19la9d6 x1fc57z9 x6ikm8r x10wlt62 x19co3pv x1g5zs5t xfibh0p xiy17q3 x1xsqp64 x1lkfr7t xexx8yu x4uap5 x18d9i69 xkhd6sd\"><span class=\"xrtxmta x1bhl96m\"><img decoding=\"async\" class=\"emoji\" role=\"img\" draggable=\"false\" src=\"https:\/\/s.w.org\/images\/core\/emoji\/14.0.0\/svg\/1f447-1f3ff.svg\" alt=\"&#x1f447;&#x1f3ff;\" \/><\/span><\/span><span class=\"x19la9d6 x1fc57z9 x6ikm8r x10wlt62 x19co3pv x1g5zs5t xfibh0p xiy17q3 x1xsqp64 x1lkfr7t xexx8yu x4uap5 x18d9i69 xkhd6sd\"><span class=\"xrtxmta x1bhl96m\"><img decoding=\"async\" class=\"emoji\" role=\"img\" draggable=\"false\" src=\"https:\/\/s.w.org\/images\/core\/emoji\/14.0.0\/svg\/1f447-1f3ff.svg\" alt=\"&#x1f447;&#x1f3ff;\" \/><\/span><\/span><span class=\"x19la9d6 x1fc57z9 x6ikm8r x10wlt62 x19co3pv x1g5zs5t xfibh0p xiy17q3 x1xsqp64 x1lkfr7t xexx8yu x4uap5 x18d9i69 xkhd6sd\"><span class=\"xrtxmta x1bhl96m\"><img decoding=\"async\" class=\"emoji\" role=\"img\" draggable=\"false\" src=\"https:\/\/s.w.org\/images\/core\/emoji\/14.0.0\/svg\/1f447-1f3ff.svg\" alt=\"&#x1f447;&#x1f3ff;\" \/><\/span><\/span><\/p>\n<p><a href=\"http:\/\/www.joanineditora.com.br\/57-contos-e-cronicas-por-um-autor-muito-velho\">http:\/\/www.joanineditora.com.br\/57-contos-e-cronicas-por-um-autor-muito-velho<\/a><\/p>\n","protected":false},"excerpt":{"rendered":"<p>Natanael e Teodoro, primos que eram, se conheciam desde os remotos tempos de menino. Cresceram no s\u00edtio da fam\u00edlia e, com o passar dos anos, viram a parentada abandonar a ro\u00e7a e rumar para a cidade. Cuidavam dos porcos juntos, cuidavam das galinhas juntos, cuidavam das cabras e ovelhas juntos, cuidavam das vacas e cavalos [&hellip;]<\/p>\n","protected":false},"author":2,"featured_media":333946,"comment_status":"closed","ping_status":"closed","sticky":false,"template":"","format":"standard","meta":{"_acf_changed":false,"footnotes":""},"categories":[161],"tags":[],"class_list":["post-333945","post","type-post","status-publish","format-standard","has-post-thumbnail","hentry","category-quadradinho-em-foco"],"acf":[],"_links":{"self":[{"href":"https:\/\/www.notibras.com\/site\/wp-json\/wp\/v2\/posts\/333945","targetHints":{"allow":["GET"]}}],"collection":[{"href":"https:\/\/www.notibras.com\/site\/wp-json\/wp\/v2\/posts"}],"about":[{"href":"https:\/\/www.notibras.com\/site\/wp-json\/wp\/v2\/types\/post"}],"author":[{"embeddable":true,"href":"https:\/\/www.notibras.com\/site\/wp-json\/wp\/v2\/users\/2"}],"replies":[{"embeddable":true,"href":"https:\/\/www.notibras.com\/site\/wp-json\/wp\/v2\/comments?post=333945"}],"version-history":[{"count":2,"href":"https:\/\/www.notibras.com\/site\/wp-json\/wp\/v2\/posts\/333945\/revisions"}],"predecessor-version":[{"id":333948,"href":"https:\/\/www.notibras.com\/site\/wp-json\/wp\/v2\/posts\/333945\/revisions\/333948"}],"wp:featuredmedia":[{"embeddable":true,"href":"https:\/\/www.notibras.com\/site\/wp-json\/wp\/v2\/media\/333946"}],"wp:attachment":[{"href":"https:\/\/www.notibras.com\/site\/wp-json\/wp\/v2\/media?parent=333945"}],"wp:term":[{"taxonomy":"category","embeddable":true,"href":"https:\/\/www.notibras.com\/site\/wp-json\/wp\/v2\/categories?post=333945"},{"taxonomy":"post_tag","embeddable":true,"href":"https:\/\/www.notibras.com\/site\/wp-json\/wp\/v2\/tags?post=333945"}],"curies":[{"name":"wp","href":"https:\/\/api.w.org\/{rel}","templated":true}]}}