{"id":333952,"date":"2024-08-05T00:25:06","date_gmt":"2024-08-05T03:25:06","guid":{"rendered":"https:\/\/www.notibras.com\/site\/?p=333952"},"modified":"2024-08-05T08:27:20","modified_gmt":"2024-08-05T11:27:20","slug":"flipelo-comeca-no-pelourinho-com-homenagem-a-raul-seixas","status":"publish","type":"post","link":"https:\/\/www.notibras.com\/site\/flipelo-comeca-no-pelourinho-com-homenagem-a-raul-seixas\/","title":{"rendered":"Flipel\u00f4 come\u00e7a no Pelourinho com homenagem a Raul Seixas"},"content":{"rendered":"<p>A partir da quarta-feira (7), o Centro Hist\u00f3rico de Salvador vai receber mais uma edi\u00e7\u00e3o do maior evento cultural liter\u00e1rio da Bahia: a Festa Liter\u00e1ria Internacional do Pelourinho (Flipel\u00f4). O evento gratuito acontece at\u00e9 o dia 11 de agosto e \u00e9 realizado pela Funda\u00e7\u00e3o Casa de Jorge Amado.<\/p>\n<p>Inspirada na Festa Liter\u00e1ria Internacional de Paraty (Flip), a Flipel\u00f4 acontece desde 2017 e surgiu com o objetivo de preservar e valorizar a mem\u00f3ria do escritor Jorge Amado, a cultura e arte da Bahia e estimular a literatura, principalmente entre os jovens.<\/p>\n<p>\u201cDesde 2017, a Flipel\u00f4 \u00e9 um sucesso e, oito anos depois, j\u00e1 consolidada, ela \u00e9 muito importante n\u00e3o s\u00f3 do ponto de vista educativo e cultural &#8211; de trazer a literatura, o livro e a arte no espa\u00e7o do Pelourinho, que \u00e9 a primeira capital do nosso pa\u00eds e um centro hist\u00f3rico importante at\u00e9 mundialmente &#8211; mas tamb\u00e9m de fomentar financeiramente e economicamente esse espa\u00e7o. Toda a comunidade do Pelourinho se envolve na festa, se interessa pelo evento e pratica atividades da Flipel\u00f4 em seus pr\u00f3prios espa\u00e7os\u201d, disse Angela Fraga, diretora-executiva da Funda\u00e7\u00e3o Casa de Jorge Amado, em entrevista \u00e0 Ag\u00eancia Brasil.<\/p>\n<p>Nesses oito anos, a Flipel\u00f4 tamb\u00e9m se revelou como um incentivo para as editoras baianas e para o surgimento de novos escritores. \u201c\u00c9 importante uma festa liter\u00e1ria nesse estado justamente para potencializar a cria\u00e7\u00e3o liter\u00e1ria, fazer com que os jovens, as crian\u00e7as e os estudantes tenham acesso a autores e que esses autores dividam com eles como \u00e9 esse percurso da cria\u00e7\u00e3o e como \u00e9 esse caminho de voc\u00ea criar, voc\u00ea ter o dom e voc\u00ea conseguir concretizar isso atrav\u00e9s da publica\u00e7\u00e3o dos seus livros, da sua arte, da sua obra\u201d, falou a diretora-executiva.<\/p>\n<p>Al\u00e9m disso, ela \u00e9 tamb\u00e9m uma festa liter\u00e1ria diversa e democr\u00e1tica. \u201cO desafio da curadoria \u00e9 imenso porque a gente procura agregar todo tipo de programa\u00e7\u00e3o, de linguagens, de tribos, de gostos. Ent\u00e3o, a beleza da Flipel\u00f4 \u00e9 essa: tem gastronomia, tem arte, tem teatro, tem de tudo um pouco dentro desse cen\u00e1rio surreal, em cima da Ba\u00eda de Todos Santos e ber\u00e7o de uma parte linda da obra do nosso patrono, que \u00e9 Jorge Amado\u201d.<\/p>\n<p>A expectativa dos organizadores \u00e9 de que a festa liter\u00e1ria, que ser\u00e1 realizada em 153 espa\u00e7os p\u00fablicos e privados do centro hist\u00f3rico da cidade, atraia cerca de 250 mil pessoas.<\/p>\n<p><strong>Toca Raul<\/strong><br \/>\nNeste ano, o homenageado do evento ser\u00e1 Raul Seixas (1945-1989), poeta, cantor, compositor, produtor e multi-instrumentista, considerado o pai do rock brasileiro. De acordo com os organizadores do evento, Raul e sua \u201cpoesia cantada\u201d v\u00e3o ecoar pelas ruas e casar\u00f5es que d\u00e3o vida ao cen\u00e1rio de grandes obras de Jorge Amado, escritor que era admirado pelo cantor. \u201cQueria ser escritor feito Jorge Amado, vivendo de meus livros, escrevendo o dia todo com uma camisa branca aberta no peito\u201d, declarou Raul Seixas certa vez.<\/p>\n<p>\u201cA homenagem a Raul Seixas veio na medida em que Raul \u00e9 uma personalidade que, assim como Jorge Amado, levou um pouco dessa energia criativa do baiano e obteve um reconhecimento mundial com sua arte. E assim como Jorge Amado, ele foi uma pessoa que pensou e criou a partir da realidade humana e social &#8211; e tinha tamb\u00e9m uma linguagem de protesto, como a de Jorge Amado em certo sentido foi, trazendo como protagonistas pessoas normais e comuns do povo. No caso de Raul, indo mais al\u00e9m, falando tamb\u00e9m da grandiosidade do ser humano, de onde veio e sobre sua miss\u00e3o na terra\u201d, falou Angela Fraga.<\/p>\n<p>Para celebrar o artista, a Flipel\u00f4 vai realizar uma exposi\u00e7\u00e3o coletiva, chamada de Metamorfose Ambulante \u2013 Uma Jornada no Universo de Raul Seixas. A mostra ter\u00e1 obras de vinte artistas visuais e ser\u00e1 instalada no Museu Eug\u00eanio Teixeira Leal, na Galeria Francisco de S\u00e1, com visita\u00e7\u00e3o entre os dias 7 de agosto e 8 de setembro. As Can\u00e7\u00f5es de Raul tamb\u00e9m ser\u00e1 o tema da j\u00e1 consagrada Rota Gastron\u00f4mica Amados Sabores, onde bares, restaurantes, cafeterias e lanchonetes localizados no centro hist\u00f3rico, nos bairros do Pelourinho e Santo Ant\u00f4nio do Al\u00e9m do Carmo, v\u00e3o produzir pratos e sobremesas com pre\u00e7os especiais.<\/p>\n<p>A abertura da festa liter\u00e1ria acontece no dia 7 de agosto com o show Carlos El\u00e1dio Toca Raul, cantor e compositor que foi companheiro de Raul Seixas no grupo Os Panteras. O show ter\u00e1 participa\u00e7\u00e3o especial de Vivi Seixas, filha de Raul Seixas.<\/p>\n<p><strong>Programa\u00e7\u00e3o<\/strong><br \/>\nA programa\u00e7\u00e3o oficial contar\u00e1 com a participa\u00e7\u00e3o de 146 escritores nacionais, cinco internacionais e 352 artistas de variadas linguagens e prev\u00ea a realiza\u00e7\u00e3o de mesas redondas, bate-papos, lan\u00e7amentos de livros, saraus de poesias, recitais, rodas de conversa, debates, oficinas, apresenta\u00e7\u00f5es teatrais e musicais, exibi\u00e7\u00e3o de document\u00e1rios e at\u00e9 uma rica programa\u00e7\u00e3o infantil com conta\u00e7\u00e3o de hist\u00f3rias e atividades l\u00fadicas.<\/p>\n<p>A festa liter\u00e1ria tamb\u00e9m ter\u00e1 uma a\u00e7\u00e3o para troca gratuita de livros. Nela, as pessoas poder\u00e3o retirar um livro gratuitamente e deixar outro no lugar. O objetivo dessa a\u00e7\u00e3o \u00e9 estimular o conhecimento, a leitura e a consci\u00eancia cidad\u00e3, al\u00e9m de incentivar a economia circular.<\/p>\n<p>Uma das novidades deste ano \u00e9 a cria\u00e7\u00e3o de um espa\u00e7o dedicado aos apreciadores de revistas em quadrinhos, que ser\u00e1 montado na Vila Liter\u00e1ria, no Largo Tereza Batista. Outra novidade \u00e9 o espa\u00e7o infantil Mabel Veloso, que vai abrigar o lan\u00e7amento do novo livro de Itamar Vieira Junior, Chupim, e o relan\u00e7amento do livro Pituco, de Paloma Jorge Amado.<\/p>\n<p>\u201cAmbos s\u00e3o p\u00e1ssaros. Isso foi uma mera coincid\u00eancia. Itamar saiu com esse primeiro livro infantil juvenil, o Chupim, e Paloma j\u00e1 tinha um livro chamado Pituco, que est\u00e1 em segunda edi\u00e7\u00e3o, que \u00e9 lan\u00e7ado pela editora Casa de Palavras, que \u00e9 o bra\u00e7o editorial da Funda\u00e7\u00e3o Casa Jorge Amado. Paloma vai fazer uma media\u00e7\u00e3o com Itamar e os livros ser\u00e3o lan\u00e7ados no Espa\u00e7o Infantil Mabel Veloso\u201d, falou Angela Fraga.<\/p>\n","protected":false},"excerpt":{"rendered":"<p>A partir da quarta-feira (7), o Centro Hist\u00f3rico de Salvador vai receber mais uma edi\u00e7\u00e3o do maior evento cultural liter\u00e1rio da Bahia: a Festa Liter\u00e1ria Internacional do Pelourinho (Flipel\u00f4). O evento gratuito acontece at\u00e9 o dia 11 de agosto e \u00e9 realizado pela Funda\u00e7\u00e3o Casa de Jorge Amado. Inspirada na Festa Liter\u00e1ria Internacional de Paraty [&hellip;]<\/p>\n","protected":false},"author":2,"featured_media":333953,"comment_status":"closed","ping_status":"closed","sticky":false,"template":"","format":"standard","meta":{"_acf_changed":false,"footnotes":""},"categories":[165],"tags":[],"class_list":["post-333952","post","type-post","status-publish","format-standard","has-post-thumbnail","hentry","category-nordeste"],"acf":[],"_links":{"self":[{"href":"https:\/\/www.notibras.com\/site\/wp-json\/wp\/v2\/posts\/333952","targetHints":{"allow":["GET"]}}],"collection":[{"href":"https:\/\/www.notibras.com\/site\/wp-json\/wp\/v2\/posts"}],"about":[{"href":"https:\/\/www.notibras.com\/site\/wp-json\/wp\/v2\/types\/post"}],"author":[{"embeddable":true,"href":"https:\/\/www.notibras.com\/site\/wp-json\/wp\/v2\/users\/2"}],"replies":[{"embeddable":true,"href":"https:\/\/www.notibras.com\/site\/wp-json\/wp\/v2\/comments?post=333952"}],"version-history":[{"count":1,"href":"https:\/\/www.notibras.com\/site\/wp-json\/wp\/v2\/posts\/333952\/revisions"}],"predecessor-version":[{"id":333954,"href":"https:\/\/www.notibras.com\/site\/wp-json\/wp\/v2\/posts\/333952\/revisions\/333954"}],"wp:featuredmedia":[{"embeddable":true,"href":"https:\/\/www.notibras.com\/site\/wp-json\/wp\/v2\/media\/333953"}],"wp:attachment":[{"href":"https:\/\/www.notibras.com\/site\/wp-json\/wp\/v2\/media?parent=333952"}],"wp:term":[{"taxonomy":"category","embeddable":true,"href":"https:\/\/www.notibras.com\/site\/wp-json\/wp\/v2\/categories?post=333952"},{"taxonomy":"post_tag","embeddable":true,"href":"https:\/\/www.notibras.com\/site\/wp-json\/wp\/v2\/tags?post=333952"}],"curies":[{"name":"wp","href":"https:\/\/api.w.org\/{rel}","templated":true}]}}