{"id":333969,"date":"2024-08-05T17:59:51","date_gmt":"2024-08-05T20:59:51","guid":{"rendered":"https:\/\/www.notibras.com\/site\/?p=333969"},"modified":"2024-08-05T17:59:51","modified_gmt":"2024-08-05T20:59:51","slug":"roberta-miranda-recebe-medalha-de-honra-dos-vereadores","status":"publish","type":"post","link":"https:\/\/www.notibras.com\/site\/roberta-miranda-recebe-medalha-de-honra-dos-vereadores\/","title":{"rendered":"Roberta Miranda recebe medalha de honra dos vereadores"},"content":{"rendered":"<p>O anivers\u00e1rio de Jo\u00e3o Pessoa, nesta segunda, 5, foi marcado pela realiza\u00e7\u00e3o de sess\u00e3o solene do Legislativo Municipal para entrega da Medalha Cidade de Jo\u00e3o Pessoa \u00e0 cantora paraibana Roberta Miranda. A honraria foi proposta pelo presidente da Casa, Dinho (PSD).<\/p>\n<p>Nascida na capital paraibana, Roberta Miranda acumula ao longo de quase 40 anos de carreira mais de 28 milh\u00f5es de discos vendidos, sendo uma das cantoras mais festejadas do Brasil. Visivelmente emocionada, a artista falou do significado de receber a homenagem da C\u00e2mara neste dia t\u00e3o significativo para a cidade.<\/p>\n<p>&#8220;Estou emocionada desde o momento em que eu coloquei os p\u00e9s aqui em Jo\u00e3o Pessoa, pois lembro de tudo o que aconteceu. Deus \u00e9 perfeito em tudo. Para mim, existem dois lados disso: um lado triste, da pessoa que n\u00e3o tem condi\u00e7\u00f5es de nada na vida, n\u00e3o s\u00f3 eu, como muitos brasileiros; e o outro lado que \u00e9 voltar para a sua terra m\u00e3e, consagrada pelo povo, como a rainha da m\u00fasica sertaneja, e encontrar pessoas que me entregam essa medalha, que muito me honra. Ela ser\u00e1 colocada em um lugar mais que especial do meu escrit\u00f3rio, que fica dentro da minha casa&#8221;, afirmou Roberta Miranda.<\/p>\n<p>A cantora acrescentou que tudo calhou para a entrega da medalha ser ainda mais especial. &#8220;Tudo isso acontecendo em um dia sagrado, que \u00e9 o anivers\u00e1rio de Jo\u00e3o Pessoa. Eu sou s\u00f3 gratid\u00e3o, n\u00e3o tenho palavras para agradecer&#8221;, concluiu a artista, cantando um trecho da m\u00fasica autoral &#8220;Tamba\u00fa, Tamba\u00fa, chora saudade, chora viola&#8221;.<\/p>\n","protected":false},"excerpt":{"rendered":"<p>O anivers\u00e1rio de Jo\u00e3o Pessoa, nesta segunda, 5, foi marcado pela realiza\u00e7\u00e3o de sess\u00e3o solene do Legislativo Municipal para entrega da Medalha Cidade de Jo\u00e3o Pessoa \u00e0 cantora paraibana Roberta Miranda. A honraria foi proposta pelo presidente da Casa, Dinho (PSD). Nascida na capital paraibana, Roberta Miranda acumula ao longo de quase 40 anos de [&hellip;]<\/p>\n","protected":false},"author":2,"featured_media":333970,"comment_status":"closed","ping_status":"closed","sticky":false,"template":"","format":"standard","meta":{"_acf_changed":false,"footnotes":""},"categories":[165],"tags":[],"class_list":["post-333969","post","type-post","status-publish","format-standard","has-post-thumbnail","hentry","category-nordeste"],"acf":[],"_links":{"self":[{"href":"https:\/\/www.notibras.com\/site\/wp-json\/wp\/v2\/posts\/333969","targetHints":{"allow":["GET"]}}],"collection":[{"href":"https:\/\/www.notibras.com\/site\/wp-json\/wp\/v2\/posts"}],"about":[{"href":"https:\/\/www.notibras.com\/site\/wp-json\/wp\/v2\/types\/post"}],"author":[{"embeddable":true,"href":"https:\/\/www.notibras.com\/site\/wp-json\/wp\/v2\/users\/2"}],"replies":[{"embeddable":true,"href":"https:\/\/www.notibras.com\/site\/wp-json\/wp\/v2\/comments?post=333969"}],"version-history":[{"count":1,"href":"https:\/\/www.notibras.com\/site\/wp-json\/wp\/v2\/posts\/333969\/revisions"}],"predecessor-version":[{"id":333971,"href":"https:\/\/www.notibras.com\/site\/wp-json\/wp\/v2\/posts\/333969\/revisions\/333971"}],"wp:featuredmedia":[{"embeddable":true,"href":"https:\/\/www.notibras.com\/site\/wp-json\/wp\/v2\/media\/333970"}],"wp:attachment":[{"href":"https:\/\/www.notibras.com\/site\/wp-json\/wp\/v2\/media?parent=333969"}],"wp:term":[{"taxonomy":"category","embeddable":true,"href":"https:\/\/www.notibras.com\/site\/wp-json\/wp\/v2\/categories?post=333969"},{"taxonomy":"post_tag","embeddable":true,"href":"https:\/\/www.notibras.com\/site\/wp-json\/wp\/v2\/tags?post=333969"}],"curies":[{"name":"wp","href":"https:\/\/api.w.org\/{rel}","templated":true}]}}