{"id":334002,"date":"2024-08-06T00:25:24","date_gmt":"2024-08-06T03:25:24","guid":{"rendered":"https:\/\/www.notibras.com\/site\/?p=334002"},"modified":"2024-08-06T06:42:23","modified_gmt":"2024-08-06T09:42:23","slug":"policia-apura-acidente-que-matou-medica-e-estudante","status":"publish","type":"post","link":"https:\/\/www.notibras.com\/site\/policia-apura-acidente-que-matou-medica-e-estudante\/","title":{"rendered":"Pol\u00edcia apura acidente que matou m\u00e9dica e estudante"},"content":{"rendered":"<p>A Pol\u00edcia Civil de Alagoas abriu inqu\u00e9rito para investigar as causas do acidente que matou a m\u00e9dica Fl\u00e1via Emanuelly Alves Fran\u00e7a, de 27 anos, e o estudante de medicina Lucas Queiroz Silva, de 26, em Flexeiras, Alagoas. Uma terceira pessoa &#8211; a m\u00e9dica Lizianny Ten\u00f3rio Toledo -, foi socorrida com vida<\/p>\n<p>Eles estavam indo para o trabalho na sexta-feira (2) quando foram atingidos pelo caminh\u00e3o-tanque na BR-101. Os tr\u00eas ficaram presos \u00e0s ferragens As autoridades est\u00e3o apurando se o motorista do caminh\u00e3o-tanque, que colidiu com o carro das v\u00edtimas, teve responsabilidade no acidente.<\/p>\n<p>&#8220;Foram duas vidas ceifadas, cabe a Pol\u00edcia Civil apurar as responsabilidades. O acidente aconteceu, mas n\u00e3o podemos deixar de apurar quem deu causa ao acidente. Vamos apurar toda e qualquer responsabilidade de quem causou o acidente&#8221;, disse o delegado M\u00e1rio Jorge Barros.<\/p>\n<p>Logo ap\u00f3s o acidente, o motorista da carreta relatou \u00e0 Pol\u00edcia Rodovi\u00e1ria Federal (PRF) que perdeu o controle da dire\u00e7\u00e3o depois que o pneu do tanque desceu no acostamento, que fica em um n\u00edvel mais baixo, e tombou quando tentou voltar \u00e0 pista. O carro das v\u00edtimas foi esmagado.<\/p>\n<p>Al\u00e9m de Fl\u00e1via e de Lucas, a m\u00e9dica Lizianny Ten\u00f3rio Toledo, de 26 anos, tamb\u00e9m estava no carro e foi socorrida com vida para um hospital e j\u00e1 recebeu alta m\u00e9dica. Um v\u00eddeo mostra o momento em que ela \u00e9 resgatada pelos bombeiros.<\/p>\n<p>&#8220;Ela ser\u00e1 ouvida quando tiver condi\u00e7\u00f5es. Acreditamos que ela esteja bastante abalada pelo tr\u00e1gico acidente que vitimou as pessoas do seu conv\u00edvio. Outras pessoas ser\u00e3o ouvidas essa semana, e tamb\u00e9m ser\u00e1 feita per\u00edcia na carreta&#8221;, completou o delegado.<\/p>\n","protected":false},"excerpt":{"rendered":"<p>A Pol\u00edcia Civil de Alagoas abriu inqu\u00e9rito para investigar as causas do acidente que matou a m\u00e9dica Fl\u00e1via Emanuelly Alves Fran\u00e7a, de 27 anos, e o estudante de medicina Lucas Queiroz Silva, de 26, em Flexeiras, Alagoas. Uma terceira pessoa &#8211; a m\u00e9dica Lizianny Ten\u00f3rio Toledo -, foi socorrida com vida Eles estavam indo para [&hellip;]<\/p>\n","protected":false},"author":2,"featured_media":334003,"comment_status":"closed","ping_status":"closed","sticky":false,"template":"","format":"standard","meta":{"_acf_changed":false,"footnotes":""},"categories":[165],"tags":[],"class_list":["post-334002","post","type-post","status-publish","format-standard","has-post-thumbnail","hentry","category-nordeste"],"acf":[],"_links":{"self":[{"href":"https:\/\/www.notibras.com\/site\/wp-json\/wp\/v2\/posts\/334002","targetHints":{"allow":["GET"]}}],"collection":[{"href":"https:\/\/www.notibras.com\/site\/wp-json\/wp\/v2\/posts"}],"about":[{"href":"https:\/\/www.notibras.com\/site\/wp-json\/wp\/v2\/types\/post"}],"author":[{"embeddable":true,"href":"https:\/\/www.notibras.com\/site\/wp-json\/wp\/v2\/users\/2"}],"replies":[{"embeddable":true,"href":"https:\/\/www.notibras.com\/site\/wp-json\/wp\/v2\/comments?post=334002"}],"version-history":[{"count":5,"href":"https:\/\/www.notibras.com\/site\/wp-json\/wp\/v2\/posts\/334002\/revisions"}],"predecessor-version":[{"id":334011,"href":"https:\/\/www.notibras.com\/site\/wp-json\/wp\/v2\/posts\/334002\/revisions\/334011"}],"wp:featuredmedia":[{"embeddable":true,"href":"https:\/\/www.notibras.com\/site\/wp-json\/wp\/v2\/media\/334003"}],"wp:attachment":[{"href":"https:\/\/www.notibras.com\/site\/wp-json\/wp\/v2\/media?parent=334002"}],"wp:term":[{"taxonomy":"category","embeddable":true,"href":"https:\/\/www.notibras.com\/site\/wp-json\/wp\/v2\/categories?post=334002"},{"taxonomy":"post_tag","embeddable":true,"href":"https:\/\/www.notibras.com\/site\/wp-json\/wp\/v2\/tags?post=334002"}],"curies":[{"name":"wp","href":"https:\/\/api.w.org\/{rel}","templated":true}]}}