{"id":334008,"date":"2024-08-06T00:08:07","date_gmt":"2024-08-06T03:08:07","guid":{"rendered":"https:\/\/www.notibras.com\/site\/?p=334008"},"modified":"2024-08-06T06:41:28","modified_gmt":"2024-08-06T09:41:28","slug":"inspecao-descobre-presos-com-capsulas-de-cocaina-no-estomago","status":"publish","type":"post","link":"https:\/\/www.notibras.com\/site\/inspecao-descobre-presos-com-capsulas-de-cocaina-no-estomago\/","title":{"rendered":"Inspe\u00e7\u00e3o descobre presos com c\u00e1psulas de coca\u00edna no est\u00f4mago"},"content":{"rendered":"<p>Autoridades do Complexo Penal da Mata Escura, localizado em Salvador, Bahia, realizaram uma opera\u00e7\u00e3o de rotina que resultou na descoberta de uma quantidade significativa de drogas. Durante a inspe\u00e7\u00e3o, dois detentos foram flagrados com um total de 47 c\u00e1psulas de coca\u00edna escondidas dentro de seus est\u00f4magos.<\/p>\n<p>Os presos foram submetidos a exames de imagem ap\u00f3s apresentarem comportamentos suspeitos, o que levou \u00e0 identifica\u00e7\u00e3o das c\u00e1psulas. As autoridades penitenci\u00e1rias, em conjunto com a equipe m\u00e9dica, realizaram procedimentos para a remo\u00e7\u00e3o segura das drogas, garantindo a integridade f\u00edsica dos detentos.<\/p>\n<p>O Complexo Penal da Mata Escura tem enfrentado desafios constantes no combate ao tr\u00e1fico de drogas dentro de suas instala\u00e7\u00f5es. Este incidente destaca a persist\u00eancia dos m\u00e9todos engenhosos utilizados pelos detentos para introduzir subst\u00e2ncias il\u00edcitas no ambiente carcer\u00e1rio.<\/p>\n<p>As investiga\u00e7\u00f5es est\u00e3o em andamento para identificar os respons\u00e1veis pela organiza\u00e7\u00e3o e log\u00edstica desse esquema de tr\u00e1fico. A administra\u00e7\u00e3o do complexo refor\u00e7ou a necessidade de medidas de seguran\u00e7a mais rigorosas e a intensifica\u00e7\u00e3o das inspe\u00e7\u00f5es para evitar futuros incidentes similares.<\/p>\n<p>Este caso ressalta a import\u00e2ncia de uma vigil\u00e2ncia cont\u00ednua e do fortalecimento das pol\u00edticas de combate ao tr\u00e1fico de drogas dentro das pris\u00f5es, visando n\u00e3o apenas a seguran\u00e7a dos detentos, mas tamb\u00e9m a integridade do sistema prisional como um todo.<\/p>\n<p>As autoridades locais est\u00e3o comprometidas em tomar todas as medidas necess\u00e1rias para prevenir a recorr\u00eancia de tais atividades il\u00edcitas e garantir um ambiente mais seguro dentro do Complexo Penal da Mata Escura.<\/p>\n","protected":false},"excerpt":{"rendered":"<p>Autoridades do Complexo Penal da Mata Escura, localizado em Salvador, Bahia, realizaram uma opera\u00e7\u00e3o de rotina que resultou na descoberta de uma quantidade significativa de drogas. Durante a inspe\u00e7\u00e3o, dois detentos foram flagrados com um total de 47 c\u00e1psulas de coca\u00edna escondidas dentro de seus est\u00f4magos. Os presos foram submetidos a exames de imagem ap\u00f3s [&hellip;]<\/p>\n","protected":false},"author":2,"featured_media":334009,"comment_status":"closed","ping_status":"closed","sticky":false,"template":"","format":"standard","meta":{"_acf_changed":false,"footnotes":""},"categories":[165],"tags":[],"class_list":["post-334008","post","type-post","status-publish","format-standard","has-post-thumbnail","hentry","category-nordeste"],"acf":[],"_links":{"self":[{"href":"https:\/\/www.notibras.com\/site\/wp-json\/wp\/v2\/posts\/334008","targetHints":{"allow":["GET"]}}],"collection":[{"href":"https:\/\/www.notibras.com\/site\/wp-json\/wp\/v2\/posts"}],"about":[{"href":"https:\/\/www.notibras.com\/site\/wp-json\/wp\/v2\/types\/post"}],"author":[{"embeddable":true,"href":"https:\/\/www.notibras.com\/site\/wp-json\/wp\/v2\/users\/2"}],"replies":[{"embeddable":true,"href":"https:\/\/www.notibras.com\/site\/wp-json\/wp\/v2\/comments?post=334008"}],"version-history":[{"count":1,"href":"https:\/\/www.notibras.com\/site\/wp-json\/wp\/v2\/posts\/334008\/revisions"}],"predecessor-version":[{"id":334010,"href":"https:\/\/www.notibras.com\/site\/wp-json\/wp\/v2\/posts\/334008\/revisions\/334010"}],"wp:featuredmedia":[{"embeddable":true,"href":"https:\/\/www.notibras.com\/site\/wp-json\/wp\/v2\/media\/334009"}],"wp:attachment":[{"href":"https:\/\/www.notibras.com\/site\/wp-json\/wp\/v2\/media?parent=334008"}],"wp:term":[{"taxonomy":"category","embeddable":true,"href":"https:\/\/www.notibras.com\/site\/wp-json\/wp\/v2\/categories?post=334008"},{"taxonomy":"post_tag","embeddable":true,"href":"https:\/\/www.notibras.com\/site\/wp-json\/wp\/v2\/tags?post=334008"}],"curies":[{"name":"wp","href":"https:\/\/api.w.org\/{rel}","templated":true}]}}