{"id":334035,"date":"2024-08-06T00:07:57","date_gmt":"2024-08-06T03:07:57","guid":{"rendered":"https:\/\/www.notibras.com\/site\/?p=334035"},"modified":"2024-08-06T08:30:02","modified_gmt":"2024-08-06T11:30:02","slug":"inscricao-no-encceja-para-privados-de-liberdade-vai-ate-sexta","status":"publish","type":"post","link":"https:\/\/www.notibras.com\/site\/inscricao-no-encceja-para-privados-de-liberdade-vai-ate-sexta\/","title":{"rendered":"Inscri\u00e7\u00e3o no Encceja para privados de liberdade vai at\u00e9 sexta"},"content":{"rendered":"<p>O per\u00edodo de inscri\u00e7\u00f5es do Exame Nacional para Certifica\u00e7\u00e3o de Compet\u00eancias de Jovens e Adultos para Pessoas Privadas de Liberdade ou sob medida socioeducativa que inclua priva\u00e7\u00e3o de liberdade (Encceja PPL) 2024 termina na sexta-feira (9).<\/p>\n<p>O cadastramento dos candidatos interessados em participar do exame deve ser feito pelos respons\u00e1veis pedag\u00f3gicos dos \u00f3rg\u00e3os de administra\u00e7\u00e3o prisional e socioeducativa que aplicar\u00e3o as provas. A inscri\u00e7\u00e3o online \u00e9 realizada, exclusivamente, pelo Sistema PPL.<\/p>\n<p>O dia 9 de agosto tamb\u00e9m \u00e9 o prazo final para as solicita\u00e7\u00f5es de atendimento especializado ou tratamento por nome social. Durante este per\u00edodo, o respons\u00e1vel pedag\u00f3gico ainda pode transferir ou excluir inscritos.<\/p>\n<p>A prova do Encceja avalia os conhecimentos de jovens e adultos que n\u00e3o conclu\u00edram o ensino fundamental ou m\u00e9dio apropriada para cada n\u00edvel de ensino e representa a oportunidade de obter a certifica\u00e7\u00e3o de uma destas etapas de ensino. A participa\u00e7\u00e3o dos candidatos jovens e adultos \u00e9 volunt\u00e1ria e gratuita.<\/p>\n<p><strong>Aplica\u00e7\u00e3o<\/strong><br \/>\nAs provas s\u00e3o realizadas em unidades prisionais ou socioeducativas autorizadas pelos respectivos \u00f3rg\u00e3os de administra\u00e7\u00e3o prisional e socioeducativa de cada estado.<\/p>\n<p>Para participar da edi\u00e7\u00e3o deste ano, estes \u00f3rg\u00e3os de administra\u00e7\u00e3o prisional e socioeducativa interessados em aplicar o Encceja PPL tiveram que fazer a ades\u00e3o junto ao Instituto Nacional de Estudos e Pesquisas Educacionais An\u00edsio Teixeira (Inep) at\u00e9 2 de agosto.<\/p>\n<p>De acordo com o Inep, \u00f3rg\u00e3o vinculado ao Minist\u00e9rio da Educa\u00e7\u00e3o (MEC), as unidades devem ter espa\u00e7o f\u00edsico, coberto e silencioso, ilumina\u00e7\u00e3o, cadeiras, mesas e demais condi\u00e7\u00f5es para a adequada aplica\u00e7\u00e3o e garantia de seguran\u00e7a aos envolvidos.<\/p>\n<p>No Encceja PPL 2024 para avaliar as compet\u00eancias de ensino fundamental, ser\u00e3o cobradas as disciplinas de ci\u00eancias, hist\u00f3ria e geografia, l\u00edngua portuguesa, l\u00edngua estrangeira moderna, educa\u00e7\u00e3o art\u00edstica e educa\u00e7\u00e3o f\u00edsica, matem\u00e1tica.<\/p>\n<p>E para o Encceja PPL 2024 de candidatos \u00e0 conclus\u00e3o do ensino m\u00e9dio, a prova cobrar\u00e1 quest\u00f5es de ci\u00eancias da natureza; ci\u00eancias humanas; linguagens e c\u00f3digos; e suas respectivas tecnologias.<\/p>\n<p><strong>Cronograma<\/strong><br \/>\nAs provas ser\u00e3o aplicadas em 15 de outubro (ter\u00e7a-feira), para o ensino fundamental, e em 16 de outubro (quarta-feira), para o ensino m\u00e9dio, no hor\u00e1rio de Bras\u00edlia.<\/p>\n<p>A divulga\u00e7\u00e3o dos gabaritos est\u00e1 prevista para 28 de outubro e a divulga\u00e7\u00e3o dos resultados finais ocorrer\u00e1 em 23 de dezembro.<\/p>\n<p><strong>Exame<\/strong><br \/>\nDesde 2002, o Encceja avalia as compet\u00eancias, habilidades e saberes de jovens e adultos, adquiridos no processo escolar ou extraescolar e que estejam no n\u00edvel de conclus\u00e3o dos ensinos fundamental ou m\u00e9dio.<\/p>\n<p>O objetivo do exame \u00e9 corrigir o fluxo escolar atrasado dos inscritos que conseguirem resultado para obten\u00e7\u00e3o da certifica\u00e7\u00e3o de conclus\u00e3o.<\/p>\n<p>De acordo com Inep, para participar, o candidato que deseja ter o diploma de conclus\u00e3o do ensino fundamental precisa ter, no m\u00ednimo, 15 anos completos no dia de realiza\u00e7\u00e3o das provas e n\u00e3o ter conclu\u00eddo o ensino fundamental. J\u00e1 os participantes que precisam da certifica\u00e7\u00e3o do ensino m\u00e9dio devem ter, no m\u00ednimo, 18 anos completos no dia da realiza\u00e7\u00e3o das provas e n\u00e3o ter conclu\u00eddo o respectivo ensino m\u00e9dio.<\/p>\n<p>A emancipa\u00e7\u00e3o legal n\u00e3o altera a idade m\u00ednima para a inscri\u00e7\u00e3o do participante no Encceja Nacional PPL 2024.<\/p>\n","protected":false},"excerpt":{"rendered":"<p>O per\u00edodo de inscri\u00e7\u00f5es do Exame Nacional para Certifica\u00e7\u00e3o de Compet\u00eancias de Jovens e Adultos para Pessoas Privadas de Liberdade ou sob medida socioeducativa que inclua priva\u00e7\u00e3o de liberdade (Encceja PPL) 2024 termina na sexta-feira (9). O cadastramento dos candidatos interessados em participar do exame deve ser feito pelos respons\u00e1veis pedag\u00f3gicos dos \u00f3rg\u00e3os de administra\u00e7\u00e3o [&hellip;]<\/p>\n","protected":false},"author":2,"featured_media":313993,"comment_status":"closed","ping_status":"closed","sticky":false,"template":"","format":"standard","meta":{"_acf_changed":false,"footnotes":""},"categories":[161],"tags":[],"class_list":["post-334035","post","type-post","status-publish","format-standard","has-post-thumbnail","hentry","category-quadradinho-em-foco"],"acf":[],"_links":{"self":[{"href":"https:\/\/www.notibras.com\/site\/wp-json\/wp\/v2\/posts\/334035","targetHints":{"allow":["GET"]}}],"collection":[{"href":"https:\/\/www.notibras.com\/site\/wp-json\/wp\/v2\/posts"}],"about":[{"href":"https:\/\/www.notibras.com\/site\/wp-json\/wp\/v2\/types\/post"}],"author":[{"embeddable":true,"href":"https:\/\/www.notibras.com\/site\/wp-json\/wp\/v2\/users\/2"}],"replies":[{"embeddable":true,"href":"https:\/\/www.notibras.com\/site\/wp-json\/wp\/v2\/comments?post=334035"}],"version-history":[{"count":1,"href":"https:\/\/www.notibras.com\/site\/wp-json\/wp\/v2\/posts\/334035\/revisions"}],"predecessor-version":[{"id":334036,"href":"https:\/\/www.notibras.com\/site\/wp-json\/wp\/v2\/posts\/334035\/revisions\/334036"}],"wp:featuredmedia":[{"embeddable":true,"href":"https:\/\/www.notibras.com\/site\/wp-json\/wp\/v2\/media\/313993"}],"wp:attachment":[{"href":"https:\/\/www.notibras.com\/site\/wp-json\/wp\/v2\/media?parent=334035"}],"wp:term":[{"taxonomy":"category","embeddable":true,"href":"https:\/\/www.notibras.com\/site\/wp-json\/wp\/v2\/categories?post=334035"},{"taxonomy":"post_tag","embeddable":true,"href":"https:\/\/www.notibras.com\/site\/wp-json\/wp\/v2\/tags?post=334035"}],"curies":[{"name":"wp","href":"https:\/\/api.w.org\/{rel}","templated":true}]}}