{"id":334037,"date":"2024-08-06T00:36:19","date_gmt":"2024-08-06T03:36:19","guid":{"rendered":"https:\/\/www.notibras.com\/site\/?p=334037"},"modified":"2024-08-06T08:40:18","modified_gmt":"2024-08-06T11:40:18","slug":"terraco-shopping-tem-promocao-especial-para-o-dia-dos-pais","status":"publish","type":"post","link":"https:\/\/www.notibras.com\/site\/terraco-shopping-tem-promocao-especial-para-o-dia-dos-pais\/","title":{"rendered":"Terra\u00e7o Shopping tem promo\u00e7\u00e3o especial para o Dia dos Pais"},"content":{"rendered":"<p>O Terra\u00e7o Shopping celebra 25 anos de presen\u00e7a na vida dos brasilienses, transformando cada data comemorativa em hist\u00f3rias. Este ano, desde dia 2, os frequentadores do shopping poder\u00e3o participar de uma promo\u00e7\u00e3o especial em homenagem ao Dia dos Pais.<\/p>\n<p>Nas compras acima de R$ 400, os clientes cadastram as notas fiscais no aplicativo Wynk e trocam por um Presente Natura Homem.<\/p>\n<p>O Terra\u00e7o Shopping oferece um mix de lojas completo para quem procura o presente ideal para o Dia dos Pais. Com uma variedade de op\u00e7\u00f5es que inclui vestu\u00e1rio, cal\u00e7ados, acess\u00f3rios e uma alameda completa de servi\u00e7os, o shopping vem valorizando seu mix de lojas.<\/p>\n<p>No primeiro semestre deste ano inaugurou uma megaloja da Renner e a Democrata, uma loja especializada em cal\u00e7ados e acess\u00f3rios masculinos de alto padr\u00e3o. No segundo semestre j\u00e1 inaugurou uma loja Natura e a nova CVC. Ainda est\u00e3o previstas as inaugura\u00e7\u00f5es do Nau Frutos do Mar, uma unidade da Life by Vivara e a MOB, loja de moda feminina, al\u00e9m da mudan\u00e7a de piso do Shopping dos Cosm\u00e9ticos, que passar\u00e1 para uma loja de 200m\u00b2, o dobro da atual.<\/p>\n<p><strong>Servi\u00e7o<\/strong><br \/>\nPromo\u00e7\u00e3o do Dia dos Pais<br \/>\nAt\u00e9 dia 14<br \/>\nCompras acima de 400 reais valem um brinde<br \/>\nConfira o regulamento completo no site do Terra\u00e7o Shopping<\/p>\n","protected":false},"excerpt":{"rendered":"<p>O Terra\u00e7o Shopping celebra 25 anos de presen\u00e7a na vida dos brasilienses, transformando cada data comemorativa em hist\u00f3rias. Este ano, desde dia 2, os frequentadores do shopping poder\u00e3o participar de uma promo\u00e7\u00e3o especial em homenagem ao Dia dos Pais. Nas compras acima de R$ 400, os clientes cadastram as notas fiscais no aplicativo Wynk e [&hellip;]<\/p>\n","protected":false},"author":2,"featured_media":334038,"comment_status":"closed","ping_status":"closed","sticky":false,"template":"","format":"standard","meta":{"_acf_changed":false,"footnotes":""},"categories":[161],"tags":[],"class_list":["post-334037","post","type-post","status-publish","format-standard","has-post-thumbnail","hentry","category-quadradinho-em-foco"],"acf":[],"_links":{"self":[{"href":"https:\/\/www.notibras.com\/site\/wp-json\/wp\/v2\/posts\/334037","targetHints":{"allow":["GET"]}}],"collection":[{"href":"https:\/\/www.notibras.com\/site\/wp-json\/wp\/v2\/posts"}],"about":[{"href":"https:\/\/www.notibras.com\/site\/wp-json\/wp\/v2\/types\/post"}],"author":[{"embeddable":true,"href":"https:\/\/www.notibras.com\/site\/wp-json\/wp\/v2\/users\/2"}],"replies":[{"embeddable":true,"href":"https:\/\/www.notibras.com\/site\/wp-json\/wp\/v2\/comments?post=334037"}],"version-history":[{"count":1,"href":"https:\/\/www.notibras.com\/site\/wp-json\/wp\/v2\/posts\/334037\/revisions"}],"predecessor-version":[{"id":334039,"href":"https:\/\/www.notibras.com\/site\/wp-json\/wp\/v2\/posts\/334037\/revisions\/334039"}],"wp:featuredmedia":[{"embeddable":true,"href":"https:\/\/www.notibras.com\/site\/wp-json\/wp\/v2\/media\/334038"}],"wp:attachment":[{"href":"https:\/\/www.notibras.com\/site\/wp-json\/wp\/v2\/media?parent=334037"}],"wp:term":[{"taxonomy":"category","embeddable":true,"href":"https:\/\/www.notibras.com\/site\/wp-json\/wp\/v2\/categories?post=334037"},{"taxonomy":"post_tag","embeddable":true,"href":"https:\/\/www.notibras.com\/site\/wp-json\/wp\/v2\/tags?post=334037"}],"curies":[{"name":"wp","href":"https:\/\/api.w.org\/{rel}","templated":true}]}}