{"id":334040,"date":"2024-08-06T00:00:21","date_gmt":"2024-08-06T03:00:21","guid":{"rendered":"https:\/\/www.notibras.com\/site\/?p=334040"},"modified":"2024-08-06T08:48:50","modified_gmt":"2024-08-06T11:48:50","slug":"tribunal-manda-fazer-compensacao-florestal-no-tororo","status":"publish","type":"post","link":"https:\/\/www.notibras.com\/site\/tribunal-manda-fazer-compensacao-florestal-no-tororo\/","title":{"rendered":"Tribunal manda fazer compensa\u00e7\u00e3o florestal no Toror\u00f3"},"content":{"rendered":"<p>O Tribunal de Contas deu um prazo de 15 dias para que o Ibram paralise a implanta\u00e7\u00e3o do N\u00facleo Rural do Toror\u00f3 at\u00e9 que a entidade regularize a compensa\u00e7\u00e3o florestal pelo desmatamento da \u00e1rea. O Ibram tamb\u00e9m deve anular a autoriza\u00e7\u00e3o para que a empresa Brasville Empreendimentos Imobili\u00e1rios Ltda promova a compensa\u00e7\u00e3o florestal em outro estado. A Corte ainda determinou que o Ibram providencie um novo e regular acordo pela retirada da vegeta\u00e7\u00e3o nativa do local. O empreendimento fica na Regi\u00e3o Administrativa do Jardim Bot\u00e2nico e corresponde a aproximadamente 11 campos de futebol.<\/p>\n<p>O TCDF fundamentou sua decis\u00e3o no Decreto Distrital n\u00ba 39.469\/2018, que trata da autoriza\u00e7\u00e3o para compensa\u00e7\u00e3o florestal em \u00e1reas verdes p\u00fablicas e privadas no \u00e2mbito do Distrito Federal. O Ibram havia autorizado que o reflorestamento fosse realizado no munic\u00edpio goiano de Niquel\u00e2ndia, apesar de o desmatamento ter ocorrido no DF. O conselheiro relator do processo no Tribunal ressalta que n\u00e3o h\u00e1 previs\u00e3o normativa expressa que valide essa autoriza\u00e7\u00e3o dada pelo Ibram para que a compensa\u00e7\u00e3o fosse realizada fora do Distrito Federal. Na verdade, o decreto distrital define locais situados dentro do territ\u00f3rio distrital, catalogados por prioridade para a devida compensa\u00e7\u00e3o.<\/p>\n<p>O Tribunal analisou uma representa\u00e7\u00e3o do Minist\u00e9rio P\u00fablico de Contas do DF (MPC\/DF), que denunciou supostas irregularidades no acordo entre o Ibram e a empresa Brasville. De acordo com o MPC\/DF, a compensa\u00e7\u00e3o ambiental funciona como uma contrapartida executada pelo empreendedor, em raz\u00e3o de significativos impactos ambientais causados ao meio ambiente local, para o parcelamento do solo e a implanta\u00e7\u00e3o de empreendimentos como o N\u00facleo Rural do Toror\u00f3. O representante refor\u00e7ou ainda que, se a atividade poluidora ocorreu no Distrito Federal, seria razo\u00e1vel e proporcional que os recursos da compensa\u00e7\u00e3o fossem aplicados e as a\u00e7\u00f5es de compensa\u00e7\u00e3o executadas no \u00e2mbito do DF.<\/p>\n<p>Em sua decis\u00e3o, o Plen\u00e1rio da Corte considerou os resultados de uma inspe\u00e7\u00e3o realizada pelo TCDF na regi\u00e3o do N\u00facleo Rural do Toror\u00f3 e tamb\u00e9m as manifesta\u00e7\u00f5es do Instituto Bras\u00edlia Ambiental e da empresa Brasville Empreendimentos Imobili\u00e1rios LTDA sobre a den\u00fancia do Minist\u00e9rio P\u00fablico de Contas do DF (00600-00009104\/2022-25-e).<\/p>\n","protected":false},"excerpt":{"rendered":"<p>O Tribunal de Contas deu um prazo de 15 dias para que o Ibram paralise a implanta\u00e7\u00e3o do N\u00facleo Rural do Toror\u00f3 at\u00e9 que a entidade regularize a compensa\u00e7\u00e3o florestal pelo desmatamento da \u00e1rea. O Ibram tamb\u00e9m deve anular a autoriza\u00e7\u00e3o para que a empresa Brasville Empreendimentos Imobili\u00e1rios Ltda promova a compensa\u00e7\u00e3o florestal em outro [&hellip;]<\/p>\n","protected":false},"author":2,"featured_media":211596,"comment_status":"closed","ping_status":"closed","sticky":false,"template":"","format":"standard","meta":{"_acf_changed":false,"footnotes":""},"categories":[161],"tags":[],"class_list":["post-334040","post","type-post","status-publish","format-standard","has-post-thumbnail","hentry","category-quadradinho-em-foco"],"acf":[],"_links":{"self":[{"href":"https:\/\/www.notibras.com\/site\/wp-json\/wp\/v2\/posts\/334040","targetHints":{"allow":["GET"]}}],"collection":[{"href":"https:\/\/www.notibras.com\/site\/wp-json\/wp\/v2\/posts"}],"about":[{"href":"https:\/\/www.notibras.com\/site\/wp-json\/wp\/v2\/types\/post"}],"author":[{"embeddable":true,"href":"https:\/\/www.notibras.com\/site\/wp-json\/wp\/v2\/users\/2"}],"replies":[{"embeddable":true,"href":"https:\/\/www.notibras.com\/site\/wp-json\/wp\/v2\/comments?post=334040"}],"version-history":[{"count":1,"href":"https:\/\/www.notibras.com\/site\/wp-json\/wp\/v2\/posts\/334040\/revisions"}],"predecessor-version":[{"id":334041,"href":"https:\/\/www.notibras.com\/site\/wp-json\/wp\/v2\/posts\/334040\/revisions\/334041"}],"wp:featuredmedia":[{"embeddable":true,"href":"https:\/\/www.notibras.com\/site\/wp-json\/wp\/v2\/media\/211596"}],"wp:attachment":[{"href":"https:\/\/www.notibras.com\/site\/wp-json\/wp\/v2\/media?parent=334040"}],"wp:term":[{"taxonomy":"category","embeddable":true,"href":"https:\/\/www.notibras.com\/site\/wp-json\/wp\/v2\/categories?post=334040"},{"taxonomy":"post_tag","embeddable":true,"href":"https:\/\/www.notibras.com\/site\/wp-json\/wp\/v2\/tags?post=334040"}],"curies":[{"name":"wp","href":"https:\/\/api.w.org\/{rel}","templated":true}]}}