{"id":334042,"date":"2024-08-06T00:00:55","date_gmt":"2024-08-06T03:00:55","guid":{"rendered":"https:\/\/www.notibras.com\/site\/?p=334042"},"modified":"2024-08-06T08:54:46","modified_gmt":"2024-08-06T11:54:46","slug":"projeto-incentiva-adocao-responsavel-de-bovinos-e-equinos","status":"publish","type":"post","link":"https:\/\/www.notibras.com\/site\/projeto-incentiva-adocao-responsavel-de-bovinos-e-equinos\/","title":{"rendered":"Projeto incentiva ado\u00e7\u00e3o respons\u00e1vel de bovinos e equinos"},"content":{"rendered":"<p>A ado\u00e7\u00e3o de um animal \u00e9 um gesto de solidariedade e carinho que n\u00e3o acontece somente com c\u00e3es e gatos. Prova disso \u00e9 o programa Adote um Animal, da Secretaria de Agricultura, Abastecimento e Desenvolvimento Rural do Distrito Federal (Seagri-DF), uma iniciativa dedicada a resgatar e encontrar lares para animais de grande porte, como cavalos e bois.<\/p>\n<p>Em 2023, foram 252 animais resgatados nas vias p\u00fablicas do Distrito Federal, dos quais 134 foram doados a novas propriedades. At\u00e9 junho de 2024, 257 animais foram apreendidos, sendo que 90 conseguiram um novo lar. A subsecret\u00e1ria de Defesa Agropecu\u00e1ria da Seagri, Danielle Ara\u00fajo, afirma que o projeto garante a seguran\u00e7a e o bem-estar dos bichos resgatados, al\u00e9m de promover a ado\u00e7\u00e3o respons\u00e1vel de animais de grande porte e reduzir o n\u00famero de abandono nas ruas, melhorando a conviv\u00eancia urbana e rural.<\/p>\n<p>\u201cRecolhemos os bovinos e equinos em vias p\u00fablicas para evitar acidentes de tr\u00e2nsito e tamb\u00e9m por quest\u00f5es sanit\u00e1rias, pois n\u00e3o sabemos a condi\u00e7\u00e3o em que est\u00e1 esse animal. \u00c9 importante conscientizar as pessoas para que n\u00e3o deixem o animal solto ou abandonado pr\u00f3ximo \u00e0s vias. Se n\u00e3o h\u00e1 condi\u00e7\u00e3o de venda, doe para quem precisa ou nos procure. E quem tem condi\u00e7\u00f5es e interesse em cuidar deles nos procure tamb\u00e9m, h\u00e1 muitos animais que precisam de um novo lar\u201d, declara.<\/p>\n<p><strong>Como adotar<\/strong><br \/>\nAtualmente, a Secretaria de Agricultura tem 72 animais apreendidos, dos quais 11 j\u00e1 est\u00e3o para ado\u00e7\u00e3o \u2013 seis deles encaminhados ao Adote um Animal. Todos s\u00e3o equ\u00eddeos (cavalos, mulas e asnos).<\/p>\n<p>O processo \u00e9 simples e a rela\u00e7\u00e3o documental completa est\u00e1 dispon\u00edvel no site da pasta. Os dados fornecidos ser\u00e3o checados por servidores e, caso o cadastro seja aprovado, a ado\u00e7\u00e3o \u00e9 autorizada e o adotante ter\u00e1 direito a quatro visitas de extensionistas da Empresa de Assist\u00eancia T\u00e9cnica e Extens\u00e3o Rural (Emater-DF) para garantir que o animal esteja recebendo os cuidados adequados em seu novo lar.<\/p>\n<p><strong>Atendimento gratuito<\/strong><br \/>\nOs produtores rurais atendidos pela Emater que acolherem animais de grande porte pelo Adote um Animal ter\u00e3o assist\u00eancia de t\u00e9cnicos da empresa por 12 meses, de acordo com a necessidade do animal adotado. As quatro visitas nesse per\u00edodo podem ser realizadas por veterin\u00e1rios, zootecnistas ou funcion\u00e1rios que comp\u00f5em a cadeia de atendimento pecu\u00e1ria, feitas para checar e orientar sobre a sa\u00fade e sanidade do animal.<\/p>\n<p>\u201cAs visitas podem at\u00e9 ser mais, dependendo da frequ\u00eancia que o produtor precisar. Nessa seca mais marcante do DF, por exemplo, um agr\u00f4nomo para pastagem pode auxiliar em qual o tipo de volumoso correto para suplementar o animal, o tipo de sal mineral ou ra\u00e7\u00e3o que vai consumir. Sem contar o acompanhamento di\u00e1rio que a Emater j\u00e1 faz com boa parte desses produtores\u201d, destaca o coordenador do programa de ruminantes e equ\u00eddeos da Emater-DF, Maximiliano Cardoso.<\/p>\n<p>O zootecnista afirma, ainda, que a maioria dos animais adotados s\u00e3o equinos, muitos usados como ferramenta de trabalho pelos produtores. \u201cN\u00e3o \u00e9 porque o animal est\u00e1 solto e largado que ele est\u00e1 bem. Esses animais de grande porte resgatados, al\u00e9m de servir para lazer ou trabalho de campo, ganham um novo lar que dar\u00e1 condi\u00e7\u00f5es b\u00e1sicas de sa\u00fade e manejo. \u00c9 ben\u00e9fico para os dois sistemas\u201d, refor\u00e7a.<\/p>\n<p>A Seagri trabalha junto a outros \u00f3rg\u00e3os do DF no transporte dos animais resgatados at\u00e9 o seu curral, localizado no final da Asa Norte. Um desses trabalhos \u00e9 a participa\u00e7\u00e3o em a\u00e7\u00f5es da Secretaria de Prote\u00e7\u00e3o da Ordem Urban\u00edstica do Distrito Federal (DF Legal) em ocupa\u00e7\u00f5es de \u00e1reas p\u00fablicas.<\/p>\n<p>O projeto tamb\u00e9m possui uma parceria com o Hospital Veterin\u00e1rio da Universidade de Bras\u00edlia (UnB). Ap\u00f3s serem recolhidos, os bichos s\u00e3o testados e passam por quarentena, al\u00e9m de receberem as vacinas obrigat\u00f3rias. \u201cA pessoa j\u00e1 recebe o animal tratadinho e bonitinho\u201d, explica a subsecret\u00e1ria.<\/p>\n<p>H\u00e1 um prazo para o dono reclamar o animal que foi apreendido, exceto quando h\u00e1 a identifica\u00e7\u00e3o de maus-tratos, caso em que o animal n\u00e3o \u00e9 devolvido ao antigo propriet\u00e1rio. Se o bicho n\u00e3o for reivindicado, ele \u00e9 encaminhado para o projeto, em que qualquer um pode se inscrever. De acordo com a subsecret\u00e1ria, \u00e9 comum que associa\u00e7\u00f5es como h\u00edpicas sejam adotantes, para dar uma nova vida aos animais.<\/p>\n","protected":false},"excerpt":{"rendered":"<p>A ado\u00e7\u00e3o de um animal \u00e9 um gesto de solidariedade e carinho que n\u00e3o acontece somente com c\u00e3es e gatos. Prova disso \u00e9 o programa Adote um Animal, da Secretaria de Agricultura, Abastecimento e Desenvolvimento Rural do Distrito Federal (Seagri-DF), uma iniciativa dedicada a resgatar e encontrar lares para animais de grande porte, como cavalos [&hellip;]<\/p>\n","protected":false},"author":2,"featured_media":334043,"comment_status":"closed","ping_status":"closed","sticky":false,"template":"","format":"standard","meta":{"_acf_changed":false,"footnotes":""},"categories":[161],"tags":[],"class_list":["post-334042","post","type-post","status-publish","format-standard","has-post-thumbnail","hentry","category-quadradinho-em-foco"],"acf":[],"_links":{"self":[{"href":"https:\/\/www.notibras.com\/site\/wp-json\/wp\/v2\/posts\/334042","targetHints":{"allow":["GET"]}}],"collection":[{"href":"https:\/\/www.notibras.com\/site\/wp-json\/wp\/v2\/posts"}],"about":[{"href":"https:\/\/www.notibras.com\/site\/wp-json\/wp\/v2\/types\/post"}],"author":[{"embeddable":true,"href":"https:\/\/www.notibras.com\/site\/wp-json\/wp\/v2\/users\/2"}],"replies":[{"embeddable":true,"href":"https:\/\/www.notibras.com\/site\/wp-json\/wp\/v2\/comments?post=334042"}],"version-history":[{"count":1,"href":"https:\/\/www.notibras.com\/site\/wp-json\/wp\/v2\/posts\/334042\/revisions"}],"predecessor-version":[{"id":334044,"href":"https:\/\/www.notibras.com\/site\/wp-json\/wp\/v2\/posts\/334042\/revisions\/334044"}],"wp:featuredmedia":[{"embeddable":true,"href":"https:\/\/www.notibras.com\/site\/wp-json\/wp\/v2\/media\/334043"}],"wp:attachment":[{"href":"https:\/\/www.notibras.com\/site\/wp-json\/wp\/v2\/media?parent=334042"}],"wp:term":[{"taxonomy":"category","embeddable":true,"href":"https:\/\/www.notibras.com\/site\/wp-json\/wp\/v2\/categories?post=334042"},{"taxonomy":"post_tag","embeddable":true,"href":"https:\/\/www.notibras.com\/site\/wp-json\/wp\/v2\/tags?post=334042"}],"curies":[{"name":"wp","href":"https:\/\/api.w.org\/{rel}","templated":true}]}}