{"id":33406,"date":"2015-01-08T16:18:59","date_gmt":"2015-01-08T19:18:59","guid":{"rendered":"http:\/\/www.notibras.com\/site\/?p=33406"},"modified":"2015-01-08T21:18:04","modified_gmt":"2015-01-09T00:18:04","slug":"segurem-o-google-uma-empresa-do-bem-vestida-em-pele-de-lobo","status":"publish","type":"post","link":"https:\/\/www.notibras.com\/site\/segurem-o-google-uma-empresa-do-bem-vestida-em-pele-de-lobo\/","title":{"rendered":"Segurem o Google, uma empresa do bem, vestida em pele de lobo"},"content":{"rendered":"<p>Recentemente, foi not\u00edcia em quase todo o mundo a proposta votada no Parlamento Europeu de dividir o Google em dois, separando o buscador dos demais neg\u00f3cios da empresa.<\/p>\n<p>A novidade me deixou muito contente, j\u00e1 que h\u00e1 mais de cinco anos estou preocupado com o perigo potencial que o Google representa. Acredito que, se o Google continuar sendo uma \u00fanica empresa, teremos que apelar para a s\u00e9tima cavalaria para assumir o controle e deter seus p\u00e9s.<\/p>\n<p>Deixem-me explicar minha reflex\u00e3o: tenho ressaltado cada vez mais minha preocupa\u00e7\u00e3o com o Google, mas estou preocupado com coisas diferentes das que preocupam a Comiss\u00e3o Europeia.<\/p>\n<p>Resumindo, eles n\u00e3o querem que a empresa fique com o mercado europeu de conte\u00fados digitais, um mercado de aproximadamente \u20ac 200 milh\u00f5es. Enquanto o que eu n\u00e3o quero \u00e9 que o Google fique com o planeta inteiro. E n\u00e3o \u00e9 a primeira vez que escrevo alertando para essa possibilidade.<\/p>\n<p>Sempre gostei do Google, tive afinidade com ele desde 2001, quando comecei a usar o buscador por conselho de Al Gore. Na Campus Party daquele ano, Al Gore falou-nos de qu\u00e3o bem funcionava o Google, e todos os campuseiros espanh\u00f3is mudaram rapidamente de Yahoo para Google.<\/p>\n<p>Por mais que tenha afinidade com eles, no entanto, n\u00e3o consigo parar de me preocupar com o que est\u00e1 acontecendo. Se antigamente est\u00e1vamos extremamente preocupados com o que\u00a0a Microsoft\u00a0fazia e sabia sobre n\u00f3s, o que acontecia naquele tempo virou uma brincadeira de crian\u00e7a se comparado ao que ocorre hoje.<\/p>\n<blockquote><p>O Google sabe n\u00e3o s\u00f3 o que voc\u00ea busca atrav\u00e9s do seu navegador, mas tamb\u00e9m seus comportamentos de compra, onde voc\u00ea se move &#8220;fisicamente&#8221;, com quem voc\u00ea interage, e desde que existe a ferramenta Analytics, sabe at\u00e9 mais do que voc\u00ea sobre os visitantes do teu pr\u00f3prio site. O Google sabe se uma p\u00e1gina, um blog ou um app s\u00e3o bem sucedidos antes mesmo do seu criador.<\/p><\/blockquote>\n<p>Em minha vis\u00e3o, a quest\u00e3o n\u00e3o \u00e9 se o Google \u00e9 bom ou ruim, se faz o bem ou o mal, mas sim que n\u00e3o se pode permitir que uma empresa tenha como miss\u00e3o &#8220;deter toda a informa\u00e7\u00e3o do planeta&#8221;.<\/p>\n<p>Muito menos permitir que possua um sucesso, de tal magnitude, que atualmente detenha em seu poder toda essa informa\u00e7\u00e3o e conhecimento, e tenha se dedicado a fazer neg\u00f3cios com ele. Temos que deter o Google, n\u00e3o por trabalhar mal ou fazer o mal, mas por causa do que seu sucesso representa.<\/p>\n<p>Tente imaginar o poder de uma empresa que n\u00e3o s\u00f3 possui todas estas informa\u00e7\u00f5es, mas que tamb\u00e9m pode fazer neg\u00f3cios com elas. N\u00e3o estou falando sobre gerar tr\u00e1fego e vender publicidade ou servi\u00e7os, estou falando, por exemplo, que algu\u00e9m pode inventar algo e o Google ser\u00e1 o primeiro a comprar essa inven\u00e7\u00e3o, porque saber\u00e1 de sua exist\u00eancia antes de todos.<\/p>\n<p>Se isso for repetido uma e outra vez, no final eles ser\u00e3o os donos de tudo. E posso garantir, eles o ser\u00e3o se a empresa n\u00e3o for dividida em dois: uma deve ter o motor de busca, como uma ferramenta de servi\u00e7o p\u00fablico da humanidade, e com a outra, podem fazer o que quiserem, mas sem informa\u00e7\u00e3o privilegiada.<\/p>\n<p>\u00c9 de conhecimento geral da humanidade que as informa\u00e7\u00f5es que o Google vem acumulando, atrav\u00e9s de suas ferramentas, n\u00e3o devem ser usadas para ter vantagem nos neg\u00f3cios.<\/p>\n<p>Se esse processo n\u00e3o for detido, o caminho nos conduzir\u00e1 a um futuro feio, dominado por uma empresa poderosa. Por isso, pe\u00e7o que o Google seja separado em peda\u00e7os, sim, e agora. Isso deve ser feito em benef\u00edcio de toda a humanidade.<\/p>\n<p><strong>Paco Ragageles <\/strong><\/p>\n","protected":false},"excerpt":{"rendered":"<p>Recentemente, foi not\u00edcia em quase todo o mundo a proposta votada no Parlamento Europeu de dividir o Google em dois, separando o buscador dos demais neg\u00f3cios da empresa. A novidade me deixou muito contente, j\u00e1 que h\u00e1 mais de cinco anos estou preocupado com o perigo potencial que o Google representa. Acredito que, se o [&hellip;]<\/p>\n","protected":false},"author":2,"featured_media":33409,"comment_status":"open","ping_status":"closed","sticky":false,"template":"","format":"standard","meta":{"_acf_changed":false,"footnotes":""},"categories":[25],"tags":[],"class_list":["post-33406","post","type-post","status-publish","format-standard","has-post-thumbnail","hentry","category-opina-ai"],"acf":[],"yoast_head":"<!-- This site is optimized with the Yoast SEO plugin v27.2 - https:\/\/yoast.com\/product\/yoast-seo-wordpress\/ -->\n<title>Segurem o Google, uma empresa do bem, vestida em pele de lobo - Notibras<\/title>\n<meta name=\"robots\" content=\"index, follow, max-snippet:-1, max-image-preview:large, max-video-preview:-1\" \/>\n<link rel=\"canonical\" href=\"https:\/\/www.notibras.com\/site\/segurem-o-google-uma-empresa-do-bem-vestida-em-pele-de-lobo\/\" \/>\n<meta property=\"og:locale\" content=\"pt_BR\" \/>\n<meta property=\"og:type\" content=\"article\" \/>\n<meta property=\"og:title\" content=\"Segurem o Google, uma empresa do bem, vestida em pele de lobo - Notibras\" \/>\n<meta property=\"og:description\" content=\"Recentemente, foi not\u00edcia em quase todo o mundo a proposta votada no Parlamento Europeu de dividir o Google em dois, separando o buscador dos demais neg\u00f3cios da empresa. A novidade me deixou muito contente, j\u00e1 que h\u00e1 mais de cinco anos estou preocupado com o perigo potencial que o Google representa. Acredito que, se o [&hellip;]\" \/>\n<meta property=\"og:url\" content=\"https:\/\/www.notibras.com\/site\/segurem-o-google-uma-empresa-do-bem-vestida-em-pele-de-lobo\/\" \/>\n<meta property=\"og:site_name\" content=\"Notibras\" \/>\n<meta property=\"article:publisher\" content=\"https:\/\/www.facebook.com\/notibras\/\" \/>\n<meta property=\"article:published_time\" content=\"2015-01-08T19:18:59+00:00\" \/>\n<meta property=\"article:modified_time\" content=\"2015-01-09T00:18:04+00:00\" \/>\n<meta property=\"og:image\" content=\"https:\/\/www.notibras.com\/site\/wp-content\/uploads\/2015\/01\/1agoogle.jpg\" \/>\n\t<meta property=\"og:image:width\" content=\"625\" \/>\n\t<meta property=\"og:image:height\" content=\"417\" \/>\n\t<meta property=\"og:image:type\" content=\"image\/jpeg\" \/>\n<meta name=\"author\" content=\"Reda\u00e7\u00e3o\" \/>\n<meta name=\"twitter:card\" content=\"summary_large_image\" \/>\n<meta name=\"twitter:creator\" content=\"@Notibras\" \/>\n<meta name=\"twitter:site\" content=\"@Notibras\" \/>\n<meta name=\"twitter:label1\" content=\"Escrito por\" \/>\n\t<meta name=\"twitter:data1\" content=\"Reda\u00e7\u00e3o\" \/>\n\t<meta name=\"twitter:label2\" content=\"Est. tempo de leitura\" \/>\n\t<meta name=\"twitter:data2\" content=\"3 minutos\" \/>\n<script type=\"application\/ld+json\" class=\"yoast-schema-graph\">{\"@context\":\"https:\/\/schema.org\",\"@graph\":[{\"@type\":\"Article\",\"@id\":\"https:\/\/www.notibras.com\/site\/segurem-o-google-uma-empresa-do-bem-vestida-em-pele-de-lobo\/#article\",\"isPartOf\":{\"@id\":\"https:\/\/www.notibras.com\/site\/segurem-o-google-uma-empresa-do-bem-vestida-em-pele-de-lobo\/\"},\"author\":{\"name\":\"Reda\u00e7\u00e3o\",\"@id\":\"https:\/\/www.notibras.com\/site\/#\/schema\/person\/36ab0979449956132d3e5b517ea76ac8\"},\"headline\":\"Segurem o Google, uma empresa do bem, vestida em pele de lobo\",\"datePublished\":\"2015-01-08T19:18:59+00:00\",\"dateModified\":\"2015-01-09T00:18:04+00:00\",\"mainEntityOfPage\":{\"@id\":\"https:\/\/www.notibras.com\/site\/segurem-o-google-uma-empresa-do-bem-vestida-em-pele-de-lobo\/\"},\"wordCount\":656,\"commentCount\":0,\"publisher\":{\"@id\":\"https:\/\/www.notibras.com\/site\/#organization\"},\"image\":{\"@id\":\"https:\/\/www.notibras.com\/site\/segurem-o-google-uma-empresa-do-bem-vestida-em-pele-de-lobo\/#primaryimage\"},\"thumbnailUrl\":\"https:\/\/www.notibras.com\/site\/wp-content\/uploads\/2015\/01\/1agoogle.jpg\",\"articleSection\":[\"Opina a\u00ed\"],\"inLanguage\":\"pt-BR\",\"potentialAction\":[{\"@type\":\"CommentAction\",\"name\":\"Comment\",\"target\":[\"https:\/\/www.notibras.com\/site\/segurem-o-google-uma-empresa-do-bem-vestida-em-pele-de-lobo\/#respond\"]}]},{\"@type\":\"WebPage\",\"@id\":\"https:\/\/www.notibras.com\/site\/segurem-o-google-uma-empresa-do-bem-vestida-em-pele-de-lobo\/\",\"url\":\"https:\/\/www.notibras.com\/site\/segurem-o-google-uma-empresa-do-bem-vestida-em-pele-de-lobo\/\",\"name\":\"Segurem o Google, uma empresa do bem, vestida em pele de lobo - Notibras\",\"isPartOf\":{\"@id\":\"https:\/\/www.notibras.com\/site\/#website\"},\"primaryImageOfPage\":{\"@id\":\"https:\/\/www.notibras.com\/site\/segurem-o-google-uma-empresa-do-bem-vestida-em-pele-de-lobo\/#primaryimage\"},\"image\":{\"@id\":\"https:\/\/www.notibras.com\/site\/segurem-o-google-uma-empresa-do-bem-vestida-em-pele-de-lobo\/#primaryimage\"},\"thumbnailUrl\":\"https:\/\/www.notibras.com\/site\/wp-content\/uploads\/2015\/01\/1agoogle.jpg\",\"datePublished\":\"2015-01-08T19:18:59+00:00\",\"dateModified\":\"2015-01-09T00:18:04+00:00\",\"breadcrumb\":{\"@id\":\"https:\/\/www.notibras.com\/site\/segurem-o-google-uma-empresa-do-bem-vestida-em-pele-de-lobo\/#breadcrumb\"},\"inLanguage\":\"pt-BR\",\"potentialAction\":[{\"@type\":\"ReadAction\",\"target\":[\"https:\/\/www.notibras.com\/site\/segurem-o-google-uma-empresa-do-bem-vestida-em-pele-de-lobo\/\"]}]},{\"@type\":\"ImageObject\",\"inLanguage\":\"pt-BR\",\"@id\":\"https:\/\/www.notibras.com\/site\/segurem-o-google-uma-empresa-do-bem-vestida-em-pele-de-lobo\/#primaryimage\",\"url\":\"https:\/\/www.notibras.com\/site\/wp-content\/uploads\/2015\/01\/1agoogle.jpg\",\"contentUrl\":\"https:\/\/www.notibras.com\/site\/wp-content\/uploads\/2015\/01\/1agoogle.jpg\",\"width\":625,\"height\":417},{\"@type\":\"BreadcrumbList\",\"@id\":\"https:\/\/www.notibras.com\/site\/segurem-o-google-uma-empresa-do-bem-vestida-em-pele-de-lobo\/#breadcrumb\",\"itemListElement\":[{\"@type\":\"ListItem\",\"position\":1,\"name\":\"In\u00edcio\",\"item\":\"https:\/\/www.notibras.com\/site\/\"},{\"@type\":\"ListItem\",\"position\":2,\"name\":\"Segurem o Google, uma empresa do bem, vestida em pele de lobo\"}]},{\"@type\":\"WebSite\",\"@id\":\"https:\/\/www.notibras.com\/site\/#website\",\"url\":\"https:\/\/www.notibras.com\/site\/\",\"name\":\"Notibras\",\"description\":\"Not\u00edcias de Bras\u00edlia, do Brasil e do Mundo\",\"publisher\":{\"@id\":\"https:\/\/www.notibras.com\/site\/#organization\"},\"potentialAction\":[{\"@type\":\"SearchAction\",\"target\":{\"@type\":\"EntryPoint\",\"urlTemplate\":\"https:\/\/www.notibras.com\/site\/?s={search_term_string}\"},\"query-input\":{\"@type\":\"PropertyValueSpecification\",\"valueRequired\":true,\"valueName\":\"search_term_string\"}}],\"inLanguage\":\"pt-BR\"},{\"@type\":\"Organization\",\"@id\":\"https:\/\/www.notibras.com\/site\/#organization\",\"name\":\"Grupo Notibras de Comunica\u00e7\u00e3o\",\"url\":\"https:\/\/www.notibras.com\/site\/\",\"logo\":{\"@type\":\"ImageObject\",\"inLanguage\":\"pt-BR\",\"@id\":\"https:\/\/www.notibras.com\/site\/#\/schema\/logo\/image\/\",\"url\":\"https:\/\/www.notibras.com\/site\/wp-content\/uploads\/2023\/01\/notibras23.png\",\"contentUrl\":\"https:\/\/www.notibras.com\/site\/wp-content\/uploads\/2023\/01\/notibras23.png\",\"width\":350,\"height\":87,\"caption\":\"Grupo Notibras de Comunica\u00e7\u00e3o\"},\"image\":{\"@id\":\"https:\/\/www.notibras.com\/site\/#\/schema\/logo\/image\/\"},\"sameAs\":[\"https:\/\/www.facebook.com\/notibras\/\",\"https:\/\/x.com\/Notibras\",\"https:\/\/www.instagram.com\/notibras\/\"]},{\"@type\":\"Person\",\"@id\":\"https:\/\/www.notibras.com\/site\/#\/schema\/person\/36ab0979449956132d3e5b517ea76ac8\",\"name\":\"Reda\u00e7\u00e3o\",\"image\":{\"@type\":\"ImageObject\",\"inLanguage\":\"pt-BR\",\"@id\":\"https:\/\/secure.gravatar.com\/avatar\/e0a867bdedb85fd243eadf09663511f96fc81e0720a4a42581f334ad4303aa6b?s=96&d=mm&r=g\",\"url\":\"https:\/\/secure.gravatar.com\/avatar\/e0a867bdedb85fd243eadf09663511f96fc81e0720a4a42581f334ad4303aa6b?s=96&d=mm&r=g\",\"contentUrl\":\"https:\/\/secure.gravatar.com\/avatar\/e0a867bdedb85fd243eadf09663511f96fc81e0720a4a42581f334ad4303aa6b?s=96&d=mm&r=g\",\"caption\":\"Reda\u00e7\u00e3o\"}}]}<\/script>\n<!-- \/ Yoast SEO plugin. -->","yoast_head_json":{"title":"Segurem o Google, uma empresa do bem, vestida em pele de lobo - Notibras","robots":{"index":"index","follow":"follow","max-snippet":"max-snippet:-1","max-image-preview":"max-image-preview:large","max-video-preview":"max-video-preview:-1"},"canonical":"https:\/\/www.notibras.com\/site\/segurem-o-google-uma-empresa-do-bem-vestida-em-pele-de-lobo\/","og_locale":"pt_BR","og_type":"article","og_title":"Segurem o Google, uma empresa do bem, vestida em pele de lobo - Notibras","og_description":"Recentemente, foi not\u00edcia em quase todo o mundo a proposta votada no Parlamento Europeu de dividir o Google em dois, separando o buscador dos demais neg\u00f3cios da empresa. A novidade me deixou muito contente, j\u00e1 que h\u00e1 mais de cinco anos estou preocupado com o perigo potencial que o Google representa. Acredito que, se o [&hellip;]","og_url":"https:\/\/www.notibras.com\/site\/segurem-o-google-uma-empresa-do-bem-vestida-em-pele-de-lobo\/","og_site_name":"Notibras","article_publisher":"https:\/\/www.facebook.com\/notibras\/","article_published_time":"2015-01-08T19:18:59+00:00","article_modified_time":"2015-01-09T00:18:04+00:00","og_image":[{"width":625,"height":417,"url":"https:\/\/www.notibras.com\/site\/wp-content\/uploads\/2015\/01\/1agoogle.jpg","type":"image\/jpeg"}],"author":"Reda\u00e7\u00e3o","twitter_card":"summary_large_image","twitter_creator":"@Notibras","twitter_site":"@Notibras","twitter_misc":{"Escrito por":"Reda\u00e7\u00e3o","Est. tempo de leitura":"3 minutos"},"schema":{"@context":"https:\/\/schema.org","@graph":[{"@type":"Article","@id":"https:\/\/www.notibras.com\/site\/segurem-o-google-uma-empresa-do-bem-vestida-em-pele-de-lobo\/#article","isPartOf":{"@id":"https:\/\/www.notibras.com\/site\/segurem-o-google-uma-empresa-do-bem-vestida-em-pele-de-lobo\/"},"author":{"name":"Reda\u00e7\u00e3o","@id":"https:\/\/www.notibras.com\/site\/#\/schema\/person\/36ab0979449956132d3e5b517ea76ac8"},"headline":"Segurem o Google, uma empresa do bem, vestida em pele de lobo","datePublished":"2015-01-08T19:18:59+00:00","dateModified":"2015-01-09T00:18:04+00:00","mainEntityOfPage":{"@id":"https:\/\/www.notibras.com\/site\/segurem-o-google-uma-empresa-do-bem-vestida-em-pele-de-lobo\/"},"wordCount":656,"commentCount":0,"publisher":{"@id":"https:\/\/www.notibras.com\/site\/#organization"},"image":{"@id":"https:\/\/www.notibras.com\/site\/segurem-o-google-uma-empresa-do-bem-vestida-em-pele-de-lobo\/#primaryimage"},"thumbnailUrl":"https:\/\/www.notibras.com\/site\/wp-content\/uploads\/2015\/01\/1agoogle.jpg","articleSection":["Opina a\u00ed"],"inLanguage":"pt-BR","potentialAction":[{"@type":"CommentAction","name":"Comment","target":["https:\/\/www.notibras.com\/site\/segurem-o-google-uma-empresa-do-bem-vestida-em-pele-de-lobo\/#respond"]}]},{"@type":"WebPage","@id":"https:\/\/www.notibras.com\/site\/segurem-o-google-uma-empresa-do-bem-vestida-em-pele-de-lobo\/","url":"https:\/\/www.notibras.com\/site\/segurem-o-google-uma-empresa-do-bem-vestida-em-pele-de-lobo\/","name":"Segurem o Google, uma empresa do bem, vestida em pele de lobo - Notibras","isPartOf":{"@id":"https:\/\/www.notibras.com\/site\/#website"},"primaryImageOfPage":{"@id":"https:\/\/www.notibras.com\/site\/segurem-o-google-uma-empresa-do-bem-vestida-em-pele-de-lobo\/#primaryimage"},"image":{"@id":"https:\/\/www.notibras.com\/site\/segurem-o-google-uma-empresa-do-bem-vestida-em-pele-de-lobo\/#primaryimage"},"thumbnailUrl":"https:\/\/www.notibras.com\/site\/wp-content\/uploads\/2015\/01\/1agoogle.jpg","datePublished":"2015-01-08T19:18:59+00:00","dateModified":"2015-01-09T00:18:04+00:00","breadcrumb":{"@id":"https:\/\/www.notibras.com\/site\/segurem-o-google-uma-empresa-do-bem-vestida-em-pele-de-lobo\/#breadcrumb"},"inLanguage":"pt-BR","potentialAction":[{"@type":"ReadAction","target":["https:\/\/www.notibras.com\/site\/segurem-o-google-uma-empresa-do-bem-vestida-em-pele-de-lobo\/"]}]},{"@type":"ImageObject","inLanguage":"pt-BR","@id":"https:\/\/www.notibras.com\/site\/segurem-o-google-uma-empresa-do-bem-vestida-em-pele-de-lobo\/#primaryimage","url":"https:\/\/www.notibras.com\/site\/wp-content\/uploads\/2015\/01\/1agoogle.jpg","contentUrl":"https:\/\/www.notibras.com\/site\/wp-content\/uploads\/2015\/01\/1agoogle.jpg","width":625,"height":417},{"@type":"BreadcrumbList","@id":"https:\/\/www.notibras.com\/site\/segurem-o-google-uma-empresa-do-bem-vestida-em-pele-de-lobo\/#breadcrumb","itemListElement":[{"@type":"ListItem","position":1,"name":"In\u00edcio","item":"https:\/\/www.notibras.com\/site\/"},{"@type":"ListItem","position":2,"name":"Segurem o Google, uma empresa do bem, vestida em pele de lobo"}]},{"@type":"WebSite","@id":"https:\/\/www.notibras.com\/site\/#website","url":"https:\/\/www.notibras.com\/site\/","name":"Notibras","description":"Not\u00edcias de Bras\u00edlia, do Brasil e do Mundo","publisher":{"@id":"https:\/\/www.notibras.com\/site\/#organization"},"potentialAction":[{"@type":"SearchAction","target":{"@type":"EntryPoint","urlTemplate":"https:\/\/www.notibras.com\/site\/?s={search_term_string}"},"query-input":{"@type":"PropertyValueSpecification","valueRequired":true,"valueName":"search_term_string"}}],"inLanguage":"pt-BR"},{"@type":"Organization","@id":"https:\/\/www.notibras.com\/site\/#organization","name":"Grupo Notibras de Comunica\u00e7\u00e3o","url":"https:\/\/www.notibras.com\/site\/","logo":{"@type":"ImageObject","inLanguage":"pt-BR","@id":"https:\/\/www.notibras.com\/site\/#\/schema\/logo\/image\/","url":"https:\/\/www.notibras.com\/site\/wp-content\/uploads\/2023\/01\/notibras23.png","contentUrl":"https:\/\/www.notibras.com\/site\/wp-content\/uploads\/2023\/01\/notibras23.png","width":350,"height":87,"caption":"Grupo Notibras de Comunica\u00e7\u00e3o"},"image":{"@id":"https:\/\/www.notibras.com\/site\/#\/schema\/logo\/image\/"},"sameAs":["https:\/\/www.facebook.com\/notibras\/","https:\/\/x.com\/Notibras","https:\/\/www.instagram.com\/notibras\/"]},{"@type":"Person","@id":"https:\/\/www.notibras.com\/site\/#\/schema\/person\/36ab0979449956132d3e5b517ea76ac8","name":"Reda\u00e7\u00e3o","image":{"@type":"ImageObject","inLanguage":"pt-BR","@id":"https:\/\/secure.gravatar.com\/avatar\/e0a867bdedb85fd243eadf09663511f96fc81e0720a4a42581f334ad4303aa6b?s=96&d=mm&r=g","url":"https:\/\/secure.gravatar.com\/avatar\/e0a867bdedb85fd243eadf09663511f96fc81e0720a4a42581f334ad4303aa6b?s=96&d=mm&r=g","contentUrl":"https:\/\/secure.gravatar.com\/avatar\/e0a867bdedb85fd243eadf09663511f96fc81e0720a4a42581f334ad4303aa6b?s=96&d=mm&r=g","caption":"Reda\u00e7\u00e3o"}}]}},"amp_enabled":true,"_links":{"self":[{"href":"https:\/\/www.notibras.com\/site\/wp-json\/wp\/v2\/posts\/33406","targetHints":{"allow":["GET"]}}],"collection":[{"href":"https:\/\/www.notibras.com\/site\/wp-json\/wp\/v2\/posts"}],"about":[{"href":"https:\/\/www.notibras.com\/site\/wp-json\/wp\/v2\/types\/post"}],"author":[{"embeddable":true,"href":"https:\/\/www.notibras.com\/site\/wp-json\/wp\/v2\/users\/2"}],"replies":[{"embeddable":true,"href":"https:\/\/www.notibras.com\/site\/wp-json\/wp\/v2\/comments?post=33406"}],"version-history":[{"count":0,"href":"https:\/\/www.notibras.com\/site\/wp-json\/wp\/v2\/posts\/33406\/revisions"}],"wp:featuredmedia":[{"embeddable":true,"href":"https:\/\/www.notibras.com\/site\/wp-json\/wp\/v2\/media\/33409"}],"wp:attachment":[{"href":"https:\/\/www.notibras.com\/site\/wp-json\/wp\/v2\/media?parent=33406"}],"wp:term":[{"taxonomy":"category","embeddable":true,"href":"https:\/\/www.notibras.com\/site\/wp-json\/wp\/v2\/categories?post=33406"},{"taxonomy":"post_tag","embeddable":true,"href":"https:\/\/www.notibras.com\/site\/wp-json\/wp\/v2\/tags?post=33406"}],"curies":[{"name":"wp","href":"https:\/\/api.w.org\/{rel}","templated":true}]}}