{"id":334084,"date":"2024-08-07T05:32:22","date_gmt":"2024-08-07T08:32:22","guid":{"rendered":"https:\/\/www.notibras.com\/site\/?p=334084"},"modified":"2024-08-07T06:36:39","modified_gmt":"2024-08-07T09:36:39","slug":"agentes-da-15a-prendem-cac-com-cocaina-e-pistola-9mm","status":"publish","type":"post","link":"https:\/\/www.notibras.com\/site\/agentes-da-15a-prendem-cac-com-cocaina-e-pistola-9mm\/","title":{"rendered":"Agentes da 15\u00aa prendem CAC com coca\u00edna e pistola 9mm"},"content":{"rendered":"<p>Agentes da 15\u00aa DP deflagraram a opera\u00e7\u00e3o Diamond e prenderam em flagrante delito um homem de 57 anos de idade pelos crimes de porte ilegal de arma de fogo de uso restrito e de posse de drogas para consumo pessoal.<\/p>\n<p>A a\u00e7\u00e3o policial teve in\u00edcio ap\u00f3s o recebimento de uma den\u00fancia an\u00f4nima informando que o autor, morador do setor QNN de Ceil\u00e2ndia, seria usu\u00e1rio de drogas e que ele estaria em posse de uma arma de fogo.<\/p>\n<p>Durante a apura\u00e7\u00e3o preliminar verificou-se que o homem realmente se tratava de um dependente qu\u00edmico, que era CAC e que possu\u00eda autoriza\u00e7\u00e3o do Ex\u00e9rcito para manter uma arma de fogo de uso restrito em sua resid\u00eancia.<\/p>\n<p>Diante do fato, foi pedido mandado de busca para a sua resid\u00eancia, visando a apreens\u00e3o da arma. Com o mandado em m\u00e3os, a pol\u00edcia entrou em a\u00e7\u00e3o.<\/p>\n<p>Quando os agntes chegaram, apenas o investigado se encontrava no im\u00f3vel, tendo sido verificado que n\u00e3o existiam m\u00f3veis ou eletrodom\u00e9sticos no apartamento, nem mesmo camas ou colch\u00f5es, estando ele muito sujo e bagun\u00e7ado, tratando-se de im\u00f3vel t\u00edpico de usu\u00e1rios de drogas.<\/p>\n<p>Indagado sobre sua arma de fogo, a princ\u00edpio o autor disse que a mesma havia sido roubada, por\u00e9m, ao ser informado que seriam realizadas buscas em seus autom\u00f3veis, o autor confirmou que a arma estava guardada em um deles. Em buscas no apartamento, os policiais encontraram dois carregadores de arma de fogo e uma por\u00e7\u00e3o de coca\u00edna.<\/p>\n<p>Em um dos ve\u00edculos, os policiais encontraram uma pistola de calibre 9mm, municiada com 3 cartuchos. Dada a voz de pris\u00e3o, o suspeito foi conduzido \u00e0 delegacia policial.<\/p>\n","protected":false},"excerpt":{"rendered":"<p>Agentes da 15\u00aa DP deflagraram a opera\u00e7\u00e3o Diamond e prenderam em flagrante delito um homem de 57 anos de idade pelos crimes de porte ilegal de arma de fogo de uso restrito e de posse de drogas para consumo pessoal. A a\u00e7\u00e3o policial teve in\u00edcio ap\u00f3s o recebimento de uma den\u00fancia an\u00f4nima informando que o [&hellip;]<\/p>\n","protected":false},"author":2,"featured_media":334085,"comment_status":"closed","ping_status":"closed","sticky":false,"template":"","format":"standard","meta":{"_acf_changed":false,"footnotes":""},"categories":[161],"tags":[],"class_list":["post-334084","post","type-post","status-publish","format-standard","has-post-thumbnail","hentry","category-quadradinho-em-foco"],"acf":[],"_links":{"self":[{"href":"https:\/\/www.notibras.com\/site\/wp-json\/wp\/v2\/posts\/334084","targetHints":{"allow":["GET"]}}],"collection":[{"href":"https:\/\/www.notibras.com\/site\/wp-json\/wp\/v2\/posts"}],"about":[{"href":"https:\/\/www.notibras.com\/site\/wp-json\/wp\/v2\/types\/post"}],"author":[{"embeddable":true,"href":"https:\/\/www.notibras.com\/site\/wp-json\/wp\/v2\/users\/2"}],"replies":[{"embeddable":true,"href":"https:\/\/www.notibras.com\/site\/wp-json\/wp\/v2\/comments?post=334084"}],"version-history":[{"count":2,"href":"https:\/\/www.notibras.com\/site\/wp-json\/wp\/v2\/posts\/334084\/revisions"}],"predecessor-version":[{"id":334087,"href":"https:\/\/www.notibras.com\/site\/wp-json\/wp\/v2\/posts\/334084\/revisions\/334087"}],"wp:featuredmedia":[{"embeddable":true,"href":"https:\/\/www.notibras.com\/site\/wp-json\/wp\/v2\/media\/334085"}],"wp:attachment":[{"href":"https:\/\/www.notibras.com\/site\/wp-json\/wp\/v2\/media?parent=334084"}],"wp:term":[{"taxonomy":"category","embeddable":true,"href":"https:\/\/www.notibras.com\/site\/wp-json\/wp\/v2\/categories?post=334084"},{"taxonomy":"post_tag","embeddable":true,"href":"https:\/\/www.notibras.com\/site\/wp-json\/wp\/v2\/tags?post=334084"}],"curies":[{"name":"wp","href":"https:\/\/api.w.org\/{rel}","templated":true}]}}