{"id":334092,"date":"2024-08-07T00:00:34","date_gmt":"2024-08-07T03:00:34","guid":{"rendered":"https:\/\/www.notibras.com\/site\/?p=334092"},"modified":"2024-08-07T07:20:47","modified_gmt":"2024-08-07T10:20:47","slug":"supremo-reconhece-vinculo-de-entregador-por-app-com-empresa","status":"publish","type":"post","link":"https:\/\/www.notibras.com\/site\/supremo-reconhece-vinculo-de-entregador-por-app-com-empresa\/","title":{"rendered":"Supremo reconhece v\u00ednculo de entregador por App com empresa"},"content":{"rendered":"<p>A Primeira Turma do Supremo Tribunal Federal (STF) decidiu nesta ter\u00e7a-feira (6) reconhecer v\u00ednculo de emprego entre um entregador de aplicativo e uma empresa terceirizada que presta servi\u00e7os para a plataforma iFood.<\/p>\n<p>Por maioria de votos, os ministros rejeitaram um recurso da terceirizada para derrubar a decis\u00e3o da Justi\u00e7a do Trabalho do Rio de Janeiro que reconheceu o v\u00ednculo. De acordo com o processo, o entregador era obrigado a cumprir jornada de trabalho e a trabalhar exclusivamente para a empresa. Dessa forma, ficou caracterizado o v\u00ednculo.<\/p>\n<p>Durante a sess\u00e3o, o ministro Alexandre de Moraes afirmou que o caso espec\u00edfico julgado n\u00e3o tem rela\u00e7\u00e3o com as decis\u00f5es do Supremo que rejeitaram a rela\u00e7\u00e3o de emprego entre entregadores e as plataformas de entregas e transporte de pessoas.<\/p>\n<p>Segundo o ministro, o entregador n\u00e3o recebia ordens direta do iFood. A escala de trabalho era estabelecida pela empresa terceirizada e n\u00e3o h\u00e1 comprova\u00e7\u00e3o de v\u00ednculo com o iFood.<\/p>\n<p>&#8220;No depoimento pessoal, fica muito claro que o entregador n\u00e3o tinha nenhuma rela\u00e7\u00e3o com o iFood. Ele tinha rela\u00e7\u00e3o com essa empresa. A Justi\u00e7a do Trabalho detalhou e entendeu que existem provas&#8221;, afirmou.<\/p>\n<p>Al\u00e9m de Moraes, os ministros Cristiano Zanin, Fl\u00e1vio Dino e C\u00e1rmen L\u00facia seguiram o mesmo entendimento.<\/p>\n<p>Em dezembro do ano passado, nos casos envolvendo v\u00ednculo direto, a Primeira Turma entendeu que n\u00e3o h\u00e1 v\u00ednculo com as plataformas. O mesmo entendimento j\u00e1 foi tomado pelo plen\u00e1rio em decis\u00f5es v\u00e1lidas para casos concretos.<\/p>\n","protected":false},"excerpt":{"rendered":"<p>A Primeira Turma do Supremo Tribunal Federal (STF) decidiu nesta ter\u00e7a-feira (6) reconhecer v\u00ednculo de emprego entre um entregador de aplicativo e uma empresa terceirizada que presta servi\u00e7os para a plataforma iFood. Por maioria de votos, os ministros rejeitaram um recurso da terceirizada para derrubar a decis\u00e3o da Justi\u00e7a do Trabalho do Rio de Janeiro [&hellip;]<\/p>\n","protected":false},"author":2,"featured_media":329443,"comment_status":"closed","ping_status":"closed","sticky":false,"template":"","format":"standard","meta":{"_acf_changed":false,"footnotes":""},"categories":[161],"tags":[],"class_list":["post-334092","post","type-post","status-publish","format-standard","has-post-thumbnail","hentry","category-quadradinho-em-foco"],"acf":[],"_links":{"self":[{"href":"https:\/\/www.notibras.com\/site\/wp-json\/wp\/v2\/posts\/334092","targetHints":{"allow":["GET"]}}],"collection":[{"href":"https:\/\/www.notibras.com\/site\/wp-json\/wp\/v2\/posts"}],"about":[{"href":"https:\/\/www.notibras.com\/site\/wp-json\/wp\/v2\/types\/post"}],"author":[{"embeddable":true,"href":"https:\/\/www.notibras.com\/site\/wp-json\/wp\/v2\/users\/2"}],"replies":[{"embeddable":true,"href":"https:\/\/www.notibras.com\/site\/wp-json\/wp\/v2\/comments?post=334092"}],"version-history":[{"count":1,"href":"https:\/\/www.notibras.com\/site\/wp-json\/wp\/v2\/posts\/334092\/revisions"}],"predecessor-version":[{"id":334093,"href":"https:\/\/www.notibras.com\/site\/wp-json\/wp\/v2\/posts\/334092\/revisions\/334093"}],"wp:featuredmedia":[{"embeddable":true,"href":"https:\/\/www.notibras.com\/site\/wp-json\/wp\/v2\/media\/329443"}],"wp:attachment":[{"href":"https:\/\/www.notibras.com\/site\/wp-json\/wp\/v2\/media?parent=334092"}],"wp:term":[{"taxonomy":"category","embeddable":true,"href":"https:\/\/www.notibras.com\/site\/wp-json\/wp\/v2\/categories?post=334092"},{"taxonomy":"post_tag","embeddable":true,"href":"https:\/\/www.notibras.com\/site\/wp-json\/wp\/v2\/tags?post=334092"}],"curies":[{"name":"wp","href":"https:\/\/api.w.org\/{rel}","templated":true}]}}