{"id":334097,"date":"2024-08-07T00:33:41","date_gmt":"2024-08-07T03:33:41","guid":{"rendered":"https:\/\/www.notibras.com\/site\/?p=334097"},"modified":"2024-08-07T07:35:18","modified_gmt":"2024-08-07T10:35:18","slug":"tse-abre-canal-para-denuncias-de-desinformacao-nas-eleicoes","status":"publish","type":"post","link":"https:\/\/www.notibras.com\/site\/tse-abre-canal-para-denuncias-de-desinformacao-nas-eleicoes\/","title":{"rendered":"TSE abre canal para den\u00fancias de desinforma\u00e7\u00e3o nas elei\u00e7\u00f5es"},"content":{"rendered":"<p>A presidente do Tribunal Superior Eleitoral (TSE), ministra C\u00e1rmen L\u00facia, informa: os eleitores poder\u00e3o denunciar casos de desinforma\u00e7\u00e3o durante a campanha eleitoral. A Justi\u00e7a Eleitoral vai disponibilizar o n\u00famero telef\u00f4nico 1491, pelo qual o cidad\u00e3o poder\u00e1 informar \u00e0 Justi\u00e7a Eleitoral qualquer tipo de desinforma\u00e7\u00e3o que tiver presenciado. A liga\u00e7\u00e3o \u00e9 gratuita.<\/p>\n<p>Ao receber a den\u00fancia, o Centro Integrado de Enfrentamento \u00e0 Desinforma\u00e7\u00e3o e Defesa da Democracia, \u00f3rg\u00e3o do TSE, vai verificar a proced\u00eancia da informa\u00e7\u00e3o e encaminhar o caso para a Pol\u00edcia Federal ou o Minist\u00e9rio P\u00fablico Eleitoral (MPE) para as provid\u00eancias cab\u00edveis. O servi\u00e7o estar\u00e1 dispon\u00edvel a partir desta quarta-feira (7).<\/p>\n<p>Al\u00e9m disso, a Pol\u00edcia Federal ter\u00e1 um painel de acompanhamento do andamento das den\u00fancias recebidas.<\/p>\n<p>\u201cSer\u00e1 devidamente encaminhado para que, em tempo e velocidade recorde, a gente possa ter a resposta devida a essa den\u00fancia, essa desconfian\u00e7a, para que a pessoa n\u00e3o se engane daquilo que \u00e9 passado\u201d, afirmou a presidente.<\/p>\n<p>A ministra tamb\u00e9m informou que as plataformas de internet assinaram acordos com o TSE para combater a desinforma\u00e7\u00e3o durante o pleito. De acordo com a presidente, as redes sociais dever\u00e3o colaborar com a Justi\u00e7a Eleitoral para garantir o voto livre e sem contamina\u00e7\u00e3o por mentiras.<\/p>\n<p>\u201cEsses acordos foram assinados nos \u00faltimos dias e j\u00e1 est\u00e3o em vigor\u201d, completou a ministra.<\/p>\n<p>O TSE tamb\u00e9m lan\u00e7ou uma campanha informativa em parceria com a Associa\u00e7\u00e3o Nacional dos Editores de Revistas (Aner) para evitar a dissemina\u00e7\u00e3o de mentiras durante o pleito. Com o slogan &#8220;Jornalismo \u00e9 confi\u00e1vel&#8221;, a campanha trar\u00e1 an\u00fancios informativos para esclarecer o eleitor e evitar a propaga\u00e7\u00e3o de mentiras que possam abalar o pleito.<\/p>\n","protected":false},"excerpt":{"rendered":"<p>A presidente do Tribunal Superior Eleitoral (TSE), ministra C\u00e1rmen L\u00facia, informa: os eleitores poder\u00e3o denunciar casos de desinforma\u00e7\u00e3o durante a campanha eleitoral. A Justi\u00e7a Eleitoral vai disponibilizar o n\u00famero telef\u00f4nico 1491, pelo qual o cidad\u00e3o poder\u00e1 informar \u00e0 Justi\u00e7a Eleitoral qualquer tipo de desinforma\u00e7\u00e3o que tiver presenciado. A liga\u00e7\u00e3o \u00e9 gratuita. Ao receber a den\u00fancia, [&hellip;]<\/p>\n","protected":false},"author":2,"featured_media":334098,"comment_status":"closed","ping_status":"closed","sticky":false,"template":"","format":"standard","meta":{"_acf_changed":false,"footnotes":""},"categories":[165],"tags":[],"class_list":["post-334097","post","type-post","status-publish","format-standard","has-post-thumbnail","hentry","category-nordeste"],"acf":[],"_links":{"self":[{"href":"https:\/\/www.notibras.com\/site\/wp-json\/wp\/v2\/posts\/334097","targetHints":{"allow":["GET"]}}],"collection":[{"href":"https:\/\/www.notibras.com\/site\/wp-json\/wp\/v2\/posts"}],"about":[{"href":"https:\/\/www.notibras.com\/site\/wp-json\/wp\/v2\/types\/post"}],"author":[{"embeddable":true,"href":"https:\/\/www.notibras.com\/site\/wp-json\/wp\/v2\/users\/2"}],"replies":[{"embeddable":true,"href":"https:\/\/www.notibras.com\/site\/wp-json\/wp\/v2\/comments?post=334097"}],"version-history":[{"count":1,"href":"https:\/\/www.notibras.com\/site\/wp-json\/wp\/v2\/posts\/334097\/revisions"}],"predecessor-version":[{"id":334099,"href":"https:\/\/www.notibras.com\/site\/wp-json\/wp\/v2\/posts\/334097\/revisions\/334099"}],"wp:featuredmedia":[{"embeddable":true,"href":"https:\/\/www.notibras.com\/site\/wp-json\/wp\/v2\/media\/334098"}],"wp:attachment":[{"href":"https:\/\/www.notibras.com\/site\/wp-json\/wp\/v2\/media?parent=334097"}],"wp:term":[{"taxonomy":"category","embeddable":true,"href":"https:\/\/www.notibras.com\/site\/wp-json\/wp\/v2\/categories?post=334097"},{"taxonomy":"post_tag","embeddable":true,"href":"https:\/\/www.notibras.com\/site\/wp-json\/wp\/v2\/tags?post=334097"}],"curies":[{"name":"wp","href":"https:\/\/api.w.org\/{rel}","templated":true}]}}