{"id":334102,"date":"2024-08-07T00:00:49","date_gmt":"2024-08-07T03:00:49","guid":{"rendered":"https:\/\/www.notibras.com\/site\/?p=334102"},"modified":"2024-08-07T07:52:11","modified_gmt":"2024-08-07T10:52:11","slug":"capitais-do-nordeste-puxam-queda-do-preco-da-cesta-basica","status":"publish","type":"post","link":"https:\/\/www.notibras.com\/site\/capitais-do-nordeste-puxam-queda-do-preco-da-cesta-basica\/","title":{"rendered":"Capitais do Nordeste puxam queda do pre\u00e7o da cesta b\u00e1sica"},"content":{"rendered":"<p>O Departamento Intersindical de Estat\u00edstica e Estudos Socioecon\u00f4micos (Dieese) divulgou na ter\u00e7a-feira (6) pesquisa sobre o custo da cesta b\u00e1sica referente ao m\u00eas de julho. Em 17 capitais, o valor do conjunto de alimentos b\u00e1sicos consumidos pelas fam\u00edlias caiu.<\/p>\n<p>Na compara\u00e7\u00e3o com junho, as quedas mais relevantes foram verificadas no Rio de Janeiro (-6,97%), em Aracaju (-6,71%), Belo Horizonte (-6,39%), Bras\u00edlia (-6,04%), Recife (-5,91%) e Salvador (-5,46%). S\u00e3o Paulo foi a capital onde o valor da cesta b\u00e1sica apresentou o maior custo, R$ 809,77 e queda de 2,75% em rela\u00e7\u00e3o a junho, seguida por Florian\u00f3polis onde a cesta b\u00e1sica custou R$ 782,73, com queda de 4,08% em rela\u00e7\u00e3o a junho e Porto Alegre, R$ 769,96 com queda de 4,34% e Rio de Janeiro, R$ 757,64.<\/p>\n<p>Como a composi\u00e7\u00e3o da cesta b\u00e1sica \u00e9 diferente nas cidades das regi\u00f5es Norte e Nordeste, os menores valores da cesta b\u00e1sica foram constatados em Aracaju (R$ 524,28), Recife (R$ 548,43) e Jo\u00e3o Pessoa (R$ 572,38).<\/p>\n<p>Segundo o Dieese, na compara\u00e7\u00e3o dos valores da cesta entre julho de 2023 e julho de 2024, o custo dos alimentos b\u00e1sicos subiu em 11 cidades. O destaque ficou com Goi\u00e2nia, que subiu 5,82%, seguida por Campo Grande (MS), 5,54% e S\u00e3o Paulo (SP), 5,71%.<\/p>\n<p>Entre as seis cidades que tiveram retra\u00e7\u00e3o nos pre\u00e7os figuram Recife (-7,47%) e Natal (-6,28%). De janeiro a julho deste ano, 15 cidades tiveram alta nos pre\u00e7os m\u00e9dios &#8211; Belo Horizonte com alta de 0,06% e Fortaleza, com 7,48%. Por esse crit\u00e9rio, de pre\u00e7os m\u00e9dios, as redu\u00e7\u00f5es ocorreram em Bras\u00edlia (-0,63%) e Vit\u00f3ria (-0,06%).<\/p>\n<p>Considerando a determina\u00e7\u00e3o constitucional que estabelece que o sal\u00e1rio m\u00ednimo deve ser suficiente para suprir as despesas de um trabalhador e de sua fam\u00edlia, com alimenta\u00e7\u00e3o, moradia, sa\u00fade, educa\u00e7\u00e3o, vestu\u00e1rio, higiene, transporte, lazer e previd\u00eancia, o Dieese estimou que o valor necess\u00e1rio do sal\u00e1rio m\u00ednimo deveria ser de R$ 6.802,88, ou 4,82 vezes o valor atual de R$ 1.412,00. Em junho deste ano, o valor necess\u00e1rio ficou em R$ 6.995,44 e correspondeu a 4,95 vezes o piso m\u00ednimo.<\/p>\n<p>A pesquisa apontou que em julho o tempo m\u00e9dio necess\u00e1rio para que o trabalhador pudesse comprar a cesta b\u00e1sica correspondeu a 105 horas e 8 minutos, menor que em junho, quando essa rela\u00e7\u00e3o de troca ficou em 109 horas e 53 minutos. A jornada m\u00e9dia em julho de 2023 para comprar a cesta b\u00e1sica era de 111 horas e 8 minutos.<\/p>\n<p>O Dieese comparou o custo da cesta b\u00e1sica com o sal\u00e1rio m\u00ednimo l\u00edquido, ap\u00f3s o desconto de 7,5% da Previd\u00eancia Social, e constatou que o trabalhador comprometeu, em m\u00e9dia, 51,66% do seu rendimento para comprar alimentos. Em junho, o trabalhador gastava 54% de seu sal\u00e1rio l\u00edquido.<\/p>\n<p>Diante da cat\u00e1strofe clim\u00e1tica ocorrida em maio no Rio Grande do Sul, que afetou in\u00fameros produtores de arroz, o pre\u00e7o do produto e o an\u00fancio pelo governo de importa\u00e7\u00e3o do produto, o pre\u00e7o do arroz caiu em julho em 13 capitais, variando de -0,37% em Recife a 3,9% em Belo Horizonte. O pre\u00e7o do feij\u00e3o tamb\u00e9m caiu em 13 capitais, com quedas entre 0,66% e 3,04%. J\u00e1 o p\u00e3o franc\u00eas teve aumento em 12 capitais, com altas de 2,03% em Florian\u00f3polis e de 2,44% em Jo\u00e3o Pessoa.<\/p>\n","protected":false},"excerpt":{"rendered":"<p>O Departamento Intersindical de Estat\u00edstica e Estudos Socioecon\u00f4micos (Dieese) divulgou na ter\u00e7a-feira (6) pesquisa sobre o custo da cesta b\u00e1sica referente ao m\u00eas de julho. Em 17 capitais, o valor do conjunto de alimentos b\u00e1sicos consumidos pelas fam\u00edlias caiu. Na compara\u00e7\u00e3o com junho, as quedas mais relevantes foram verificadas no Rio de Janeiro (-6,97%), em [&hellip;]<\/p>\n","protected":false},"author":2,"featured_media":334103,"comment_status":"closed","ping_status":"closed","sticky":false,"template":"","format":"standard","meta":{"_acf_changed":false,"footnotes":""},"categories":[165],"tags":[],"class_list":["post-334102","post","type-post","status-publish","format-standard","has-post-thumbnail","hentry","category-nordeste"],"acf":[],"_links":{"self":[{"href":"https:\/\/www.notibras.com\/site\/wp-json\/wp\/v2\/posts\/334102","targetHints":{"allow":["GET"]}}],"collection":[{"href":"https:\/\/www.notibras.com\/site\/wp-json\/wp\/v2\/posts"}],"about":[{"href":"https:\/\/www.notibras.com\/site\/wp-json\/wp\/v2\/types\/post"}],"author":[{"embeddable":true,"href":"https:\/\/www.notibras.com\/site\/wp-json\/wp\/v2\/users\/2"}],"replies":[{"embeddable":true,"href":"https:\/\/www.notibras.com\/site\/wp-json\/wp\/v2\/comments?post=334102"}],"version-history":[{"count":1,"href":"https:\/\/www.notibras.com\/site\/wp-json\/wp\/v2\/posts\/334102\/revisions"}],"predecessor-version":[{"id":334104,"href":"https:\/\/www.notibras.com\/site\/wp-json\/wp\/v2\/posts\/334102\/revisions\/334104"}],"wp:featuredmedia":[{"embeddable":true,"href":"https:\/\/www.notibras.com\/site\/wp-json\/wp\/v2\/media\/334103"}],"wp:attachment":[{"href":"https:\/\/www.notibras.com\/site\/wp-json\/wp\/v2\/media?parent=334102"}],"wp:term":[{"taxonomy":"category","embeddable":true,"href":"https:\/\/www.notibras.com\/site\/wp-json\/wp\/v2\/categories?post=334102"},{"taxonomy":"post_tag","embeddable":true,"href":"https:\/\/www.notibras.com\/site\/wp-json\/wp\/v2\/tags?post=334102"}],"curies":[{"name":"wp","href":"https:\/\/api.w.org\/{rel}","templated":true}]}}