{"id":334108,"date":"2024-08-07T00:07:57","date_gmt":"2024-08-07T03:07:57","guid":{"rendered":"https:\/\/www.notibras.com\/site\/?p=334108"},"modified":"2024-08-07T08:10:02","modified_gmt":"2024-08-07T11:10:02","slug":"prevencao-de-conjuntivite-que-ataca-baixa-renda-tera-novas-acoes","status":"publish","type":"post","link":"https:\/\/www.notibras.com\/site\/prevencao-de-conjuntivite-que-ataca-baixa-renda-tera-novas-acoes\/","title":{"rendered":"Preven\u00e7\u00e3o de conjuntivite, que ataca baixa renda, ter\u00e1 novas a\u00e7\u00f5es"},"content":{"rendered":"<p>O Minist\u00e9rio da Sa\u00fade divulgou nota t\u00e9cnica que atualiza diretrizes para a preven\u00e7\u00e3o da conjuntivite neonatal, infec\u00e7\u00e3o ocular que acomete a conjuntiva de beb\u00eas entre 24 horas e um m\u00eas ap\u00f3s o nascimento. Conjuntiva \u00e9 a membrana que reveste a p\u00e1lpebra e se retrai para cobrir a esclera (a camada fibrosa resistente e branca que cobre o olho), at\u00e9 a extremidade da c\u00f3rnea.<\/p>\n<p>No documento, o minist\u00e9rio orienta a substitui\u00e7\u00e3o do nitrato de prata 1% por iodopovidona a 2,5%, eritromicina 0,5% ou tetraciclina 1%, \u201cpor serem mais eficazes e causarem menos irrita\u00e7\u00e3o aos rec\u00e9m-nascidos\u201d.<\/p>\n<p>\u201cA introdu\u00e7\u00e3o das novas subst\u00e2ncias tem como objetivo uma efic\u00e1cia superior na preven\u00e7\u00e3o da doen\u00e7a, j\u00e1 que elas s\u00e3o menos irritantes e proporcionam um tratamento mais confort\u00e1vel para os rec\u00e9m-nascidos\u201d, destacou o Minist\u00e9rio da Sa\u00fade.<\/p>\n<p>\u201cAl\u00e9m disso, estudos recentes comprovam que esses agentes s\u00e3o mais eficazes na prote\u00e7\u00e3o dos beb\u00eas contra infec\u00e7\u00f5es oculares, que podem levar a complica\u00e7\u00f5es graves se n\u00e3o tratadas adequadamente\u201d, acrescentou.<\/p>\n<p><strong>Entenda<\/strong><br \/>\nDe acordo com o minist\u00e9rio, o nitrato de prata 1% \u00e9 conhecido por causar desconforto, ardor e, em alguns casos, conjuntivite qu\u00edmica em beb\u00eas. J\u00e1 a iodopovidona a 2,5% n\u00e3o apresenta problemas de conserva\u00e7\u00e3o e tem custo acess\u00edvel, oferecendo \u201cpreven\u00e7\u00e3o segura e eficiente\u201d.<\/p>\n<p><strong>A doen\u00e7a<\/strong><br \/>\nDe acordo com o minist\u00e9rio, a conjuntivite neonatal \u00e9 considerada causa significativa de cegueira infantil, sobretudo, em regi\u00f5es de baixa e m\u00e9dia renda. Frequentemente causada pela bact\u00e9ria Neisseria gonorrhoeae, que pode ser transmitida durante o parto, a doen\u00e7a pode levar a s\u00e9rias complica\u00e7\u00f5es, incluindo perfura\u00e7\u00e3o da c\u00f3rnea e perda da vis\u00e3o, quando n\u00e3o tratada prontamente.<\/p>\n<p><strong>Cuidados<\/strong><br \/>\nAp\u00f3s o nascimento &#8211; por parto normal ou ces\u00e1rea &#8211; o rec\u00e9m-nascido deve passar por uma s\u00e9rie de cuidados imediatos. Se estiver clinicamente est\u00e1vel, o beb\u00ea \u00e9 colocado no peito da m\u00e3e para contato pele com pele, proporcionando estabiliza\u00e7\u00e3o da temperatura e da respira\u00e7\u00e3o, al\u00e9m de promover o v\u00ednculo emocional.<\/p>\n<p>A preven\u00e7\u00e3o ocular figura dentre esses cuidados imediatos e a atualiza\u00e7\u00e3o das diretrizes visa garantir que a pr\u00e1tica seja feita de maneira eficaz e confort\u00e1vel. \u201cA implementa\u00e7\u00e3o das novas recomenda\u00e7\u00f5es pelos hospitais \u00e9 fundamental para minimizar riscos e melhorar o bem-estar dos rec\u00e9m-nascidos\u201d, finalizou o Minist\u00e9rio da Sa\u00fade.<\/p>\n","protected":false},"excerpt":{"rendered":"<p>O Minist\u00e9rio da Sa\u00fade divulgou nota t\u00e9cnica que atualiza diretrizes para a preven\u00e7\u00e3o da conjuntivite neonatal, infec\u00e7\u00e3o ocular que acomete a conjuntiva de beb\u00eas entre 24 horas e um m\u00eas ap\u00f3s o nascimento. Conjuntiva \u00e9 a membrana que reveste a p\u00e1lpebra e se retrai para cobrir a esclera (a camada fibrosa resistente e branca que [&hellip;]<\/p>\n","protected":false},"author":2,"featured_media":334109,"comment_status":"closed","ping_status":"closed","sticky":false,"template":"","format":"standard","meta":{"_acf_changed":false,"footnotes":""},"categories":[165],"tags":[],"class_list":["post-334108","post","type-post","status-publish","format-standard","has-post-thumbnail","hentry","category-nordeste"],"acf":[],"_links":{"self":[{"href":"https:\/\/www.notibras.com\/site\/wp-json\/wp\/v2\/posts\/334108","targetHints":{"allow":["GET"]}}],"collection":[{"href":"https:\/\/www.notibras.com\/site\/wp-json\/wp\/v2\/posts"}],"about":[{"href":"https:\/\/www.notibras.com\/site\/wp-json\/wp\/v2\/types\/post"}],"author":[{"embeddable":true,"href":"https:\/\/www.notibras.com\/site\/wp-json\/wp\/v2\/users\/2"}],"replies":[{"embeddable":true,"href":"https:\/\/www.notibras.com\/site\/wp-json\/wp\/v2\/comments?post=334108"}],"version-history":[{"count":1,"href":"https:\/\/www.notibras.com\/site\/wp-json\/wp\/v2\/posts\/334108\/revisions"}],"predecessor-version":[{"id":334110,"href":"https:\/\/www.notibras.com\/site\/wp-json\/wp\/v2\/posts\/334108\/revisions\/334110"}],"wp:featuredmedia":[{"embeddable":true,"href":"https:\/\/www.notibras.com\/site\/wp-json\/wp\/v2\/media\/334109"}],"wp:attachment":[{"href":"https:\/\/www.notibras.com\/site\/wp-json\/wp\/v2\/media?parent=334108"}],"wp:term":[{"taxonomy":"category","embeddable":true,"href":"https:\/\/www.notibras.com\/site\/wp-json\/wp\/v2\/categories?post=334108"},{"taxonomy":"post_tag","embeddable":true,"href":"https:\/\/www.notibras.com\/site\/wp-json\/wp\/v2\/tags?post=334108"}],"curies":[{"name":"wp","href":"https:\/\/api.w.org\/{rel}","templated":true}]}}