{"id":334147,"date":"2024-08-07T17:38:37","date_gmt":"2024-08-07T20:38:37","guid":{"rendered":"https:\/\/www.notibras.com\/site\/?p=334147"},"modified":"2024-08-07T18:02:21","modified_gmt":"2024-08-07T21:02:21","slug":"nascendo-no-rio-florescendo-em-brasilia-e-ganhando-o-brasil","status":"publish","type":"post","link":"https:\/\/www.notibras.com\/site\/nascendo-no-rio-florescendo-em-brasilia-e-ganhando-o-brasil\/","title":{"rendered":"Nascendo no Rio, florescendo em Bras\u00edlia e ganhando o Brasil"},"content":{"rendered":"<p>Chega-me de Bras\u00edlia, com escala em Belo Horizonte, uma not\u00edcia sobre um amigo que me envaidece. Eu o conheci no final de 2010. Foi-me apresentado simultaneamente pelo rec\u00e9m-eleito governador do Distrito Federal Agnelo Queiroz e seu futuro chefe da Casa Civil Cl\u00e1udio Monteiro. Seu nome, Marcello Lopes. &#8220;Marcell\u00e3o, \u00e0s suas ordens&#8221;, disse-me, com um sorriso largo, embora n\u00e3o suficiente para cobrir seu corpanzil.<\/p>\n<p>Desde ent\u00e3o, acompanho entre um pl\u00e1 ou outro, mesmo \u00e0 dist\u00e2ncia, a carreira de um profissional que fez um c\u00e1lice transbordar no mercado da Publicidade e da Propaganda de Bras\u00edlia e regar pra\u00e7as do Rio de Janeiro, S\u00e3o Paulo e agora tamb\u00e9m de Minas Gerais. Dono de um perfil de publicit\u00e1rio incompar\u00e1vel, com vi\u00e9s de marketing pol\u00edtico, ele abra\u00e7a a profiss\u00e3o com a f\u00e9 de quem sabe onde est\u00e1 pisando.<\/p>\n<p>A amizade e o respeito se traduzem em carinho e afeto. Acredito que m\u00fatuos. Conhecendo Marcell\u00e3o, conheci sua fam\u00edlia. Dos pais e irm\u00e3 aos filhos, passando por tios e amigos em comum, fui me aprofundando na sua hist\u00f3ria. Seria capaz de escrever um romance, mas por ora, me aterei a algumas poucas linhas.<\/p>\n<p>Ele chegou a Bras\u00edlia ainda menino, procedente do Rio de Janeiro, onde nasceu. O choro do beb\u00ea ecoou pelos corredores de uma maternidade carioca. Ainda no ber\u00e7o, o menino mostrava estar destinado a grandes feitos. Com a inf\u00e2ncia moldada pelas praias cariocas e o jeitinho acolhedor do povo fluminense, ele vivia uma vida tranquila, repleta de sonhos. E cercado por ondas pontuais de viol\u00eancia, imaginou-se policial capaz de garantir paz e seguran\u00e7a \u00e0 sociedade.<\/p>\n<p>O destino tra\u00e7ou planos n\u00e3o t\u00e3o diferentes para ele. Foi quando seus pais decidiram mudar-se para Bras\u00edlia, em busca de novas oportunidades. A mudan\u00e7a para a capital da Rep\u00fablica n\u00e3o foi f\u00e1cil. Ele teve que se adaptar a um novo ambiente, fazer novos amigos e entender a din\u00e2mica de uma cidade planejada, t\u00e3o diferente do Rio de Janeiro.<\/p>\n<p>Em Bras\u00edlia, Marcell\u00e3o cresceu e viu-se cidad\u00e3o. Com o velho e ardente desejo de servir \u00e0 comunidade, soube fazer a diferen\u00e7a, ingressando na Pol\u00edcia Civil. A profiss\u00e3o era dura e desafiadora, mas ele a abra\u00e7ou com determina\u00e7\u00e3o e coragem. A cada caso resolvido, a cada injusti\u00e7a corrigida, ele sentia que estava contribuindo para um mundo melhor.<\/p>\n<p>No entanto, havia uma chama criativa dentro dele que nunca se apagava. Entre investiga\u00e7\u00f5es e patrulhas, Marcell\u00e3o se via fascinado pelo mundo da Comunica\u00e7\u00e3o e do Marketing. Come\u00e7ou a estudar publicidade nas horas vagas, devorando livros, fazendo cursos online e conversando com profissionais da \u00e1rea. Logo surgiu a Pl\u00e1. Vision\u00e1rio, ele tomou uma decis\u00e3o corajosa: deixar a carreira policial e seguir sua verdadeira paix\u00e3o.<\/p>\n<p>Com a mesma determina\u00e7\u00e3o com que investigou criminosos, ele mergulhou no mundo da publicidade. Inicialmente, acompanhou os passos de pequenas ag\u00eancias, onde aprendeu os truques do trade. Mas seu talento e vis\u00e3o eram ineg\u00e1veis. Em pouco tempo, a Pl\u00e1 emergiu em Bras\u00edlia, com in\u00edcio modesto, mas sempre com olhos voltados para o futuro.<\/p>\n<p>Plantando sementes de criatividade e inova\u00e7\u00e3o na capital da Rep\u00fablica, Marcell\u00e3o rapidamente se destacou no mercado. Suas campanhas ousadas e cheias de vida conectavam-se profundamente com o p\u00fablico. Seu trabalho come\u00e7ou a ser reconhecido n\u00e3o apenas em Bras\u00edlia, mas em outras regi\u00f5es do pa\u00eds. Clientes de diferentes estados come\u00e7aram a buscar sua expertise, e a ag\u00eancia, agora s\u00f3 sob o comando dele, virou C\u00e1lice. E cresceu exponencialmente.<\/p>\n<p>Hoje, Marcell\u00e3o \u00e9 um renomado publicit\u00e1rio e marqueteiro, conhecido por suas estrat\u00e9gias inovadoras e campanhas de sucesso que impactam milh\u00f5es de brasileiros. O rapaz que nasceu no Rio de Janeiro e foi criado em Bras\u00edlia transformou sua paix\u00e3o em uma carreira de sucesso, colhendo frutos de uma semente que fincou ra\u00edzes em terras cariocas, paulistas, mineiras&#8230; Tudo com base em criatividade e inspira\u00e7\u00e3o.<\/p>\n<p>A C\u00e1lice tem em sua carteira de clientes as contas publicit\u00e1rias de alguns minist\u00e9rios do governo Lula-3, de institui\u00e7\u00f5es com sedes no Rio e S\u00e3o Paulo que atuam a n\u00edvel nacional, de empresas p\u00fablicas e privadas, de candidatos a prefeituras das mais diferentes capitais. A hist\u00f3ria de Marcell\u00e3o se mistura com a hist\u00f3ria do mercado de Bras\u00edlia e do Brasil. Se h\u00e1 uma pedra no meio do caminho imposs\u00edvel de ser escalada, ele contorna. Pode at\u00e9 mesmo, eventualmente, dar um passo atr\u00e1s para avan\u00e7ar dois. Mas n\u00e3o recua dos seus objetivos.<\/p>\n<p>A prop\u00f3sito, por falar em dois, 2026 est\u00e1 logo ali. Ao contr\u00e1rio de baiano burro que nasce morto, Marcell\u00e3o est\u00e1 mais vivo do que nunca. Discreto (ele \u00e9 capaz de me puxar as orelhas por conta deste texto) Marcello Lopes deve surgir como um trator para fazer e acontecer nas elei\u00e7\u00f5es proporcionais e majorit\u00e1rias que est\u00e3o por vir. Conhecedor de Bras\u00edlia como poucos, ele ter\u00e1 as condi\u00e7\u00f5es necess\u00e1rias para fazer um nome de sua escolha escalar com sucesso ao menos um dos pal\u00e1cios que balan\u00e7am no Eixo Monumental.<\/p>\n<p>Sin\u00f4nimo de car\u00e1ter, determina\u00e7\u00e3o e garra, Marcell\u00e3o sabe onde pisa. Agora, \u00e9 s\u00f3 bater as asas e voar cada vez mais alto, como uma harpia que ca\u00e7a animais pe\u00e7onhentos e enriquece o solo que abriga o dossel de buritis. Logo logo dar\u00e1 samba, como S\u00e3o Paulo d\u00e1 caf\u00e9 e Minas jorra leite para um c\u00e1lice cheio de diamantes.<\/p>\n","protected":false},"excerpt":{"rendered":"<p>Chega-me de Bras\u00edlia, com escala em Belo Horizonte, uma not\u00edcia sobre um amigo que me envaidece. Eu o conheci no final de 2010. Foi-me apresentado simultaneamente pelo rec\u00e9m-eleito governador do Distrito Federal Agnelo Queiroz e seu futuro chefe da Casa Civil Cl\u00e1udio Monteiro. Seu nome, Marcello Lopes. &#8220;Marcell\u00e3o, \u00e0s suas ordens&#8221;, disse-me, com um sorriso [&hellip;]<\/p>\n","protected":false},"author":2,"featured_media":283475,"comment_status":"closed","ping_status":"closed","sticky":false,"template":"","format":"standard","meta":{"_acf_changed":false,"footnotes":""},"categories":[161],"tags":[],"class_list":["post-334147","post","type-post","status-publish","format-standard","has-post-thumbnail","hentry","category-quadradinho-em-foco"],"acf":[],"_links":{"self":[{"href":"https:\/\/www.notibras.com\/site\/wp-json\/wp\/v2\/posts\/334147","targetHints":{"allow":["GET"]}}],"collection":[{"href":"https:\/\/www.notibras.com\/site\/wp-json\/wp\/v2\/posts"}],"about":[{"href":"https:\/\/www.notibras.com\/site\/wp-json\/wp\/v2\/types\/post"}],"author":[{"embeddable":true,"href":"https:\/\/www.notibras.com\/site\/wp-json\/wp\/v2\/users\/2"}],"replies":[{"embeddable":true,"href":"https:\/\/www.notibras.com\/site\/wp-json\/wp\/v2\/comments?post=334147"}],"version-history":[{"count":3,"href":"https:\/\/www.notibras.com\/site\/wp-json\/wp\/v2\/posts\/334147\/revisions"}],"predecessor-version":[{"id":334150,"href":"https:\/\/www.notibras.com\/site\/wp-json\/wp\/v2\/posts\/334147\/revisions\/334150"}],"wp:featuredmedia":[{"embeddable":true,"href":"https:\/\/www.notibras.com\/site\/wp-json\/wp\/v2\/media\/283475"}],"wp:attachment":[{"href":"https:\/\/www.notibras.com\/site\/wp-json\/wp\/v2\/media?parent=334147"}],"wp:term":[{"taxonomy":"category","embeddable":true,"href":"https:\/\/www.notibras.com\/site\/wp-json\/wp\/v2\/categories?post=334147"},{"taxonomy":"post_tag","embeddable":true,"href":"https:\/\/www.notibras.com\/site\/wp-json\/wp\/v2\/tags?post=334147"}],"curies":[{"name":"wp","href":"https:\/\/api.w.org\/{rel}","templated":true}]}}