{"id":334172,"date":"2024-08-08T00:24:49","date_gmt":"2024-08-08T03:24:49","guid":{"rendered":"https:\/\/www.notibras.com\/site\/?p=334172"},"modified":"2024-08-08T09:27:12","modified_gmt":"2024-08-08T12:27:12","slug":"bali-byd-do-grupo-paulooctavio-pronta-para-ser-inaugurada","status":"publish","type":"post","link":"https:\/\/www.notibras.com\/site\/bali-byd-do-grupo-paulooctavio-pronta-para-ser-inaugurada\/","title":{"rendered":"Bali BYD, do Grupo PaulOOctavio, pronta para ser inaugurada"},"content":{"rendered":"<p>Ap\u00f3s seis meses da visita de Stella Li, CEO da BYD Am\u00e9ricas, de Tyler Li, presidente da BYD do Brasil, e de Alexandre Baldy, ex-ministro e vice-presidente da BYD Brasil, ao empres\u00e1rio Paulo Oct\u00e1vio, a Bali BYD est\u00e1 pronta para abrir as portas neste s\u00e1bado (10), no SAAN. Nesta quarta-feira (7), trabalhadores davam os \u00faltimos retoques na oficina. No showroom da montadora, l\u00edder em vendas de ve\u00edculos el\u00e9tricos no Pa\u00eds, vendedores recebiam as \u00faltimas fases de treinamento e se ambientavam com as esta\u00e7\u00f5es de trabalho.<\/p>\n<p>Nas obras para criar o espa\u00e7o da nova concession\u00e1ria foram gerados 80 postos de trabalho. Em conversa com os oper\u00e1rios, o empres\u00e1rio Paulo Oct\u00e1vio agradeceu o esfor\u00e7o para a conclus\u00e3o da reforma em tempo recorde \u2013 cerca de tr\u00eas meses. \u201cEu sei que voc\u00eas est\u00e3o dando duro e a gente veio aqui agradecer o trabalho de todos. Espero que tudo fique muito bonito. A BYD \u00e9 uma linha de carros chineses que veio para arrasar e vamos come\u00e7ar a vender a partir de s\u00e1bado\u201d, disse.<\/p>\n<p>Ap\u00f3s a inaugura\u00e7\u00e3o, mais 70 empregos ser\u00e3o criados, segundo o empres\u00e1rio. \u201cEstou muito entusiasmado com o compromisso que n\u00f3s assumimos com a presid\u00eancia da BYD, seis meses atr\u00e1s. Conseguimos, em prazo recorde, concluir a loja, que est\u00e1 muito bem montada e bonita. Ser\u00e1 uma refer\u00eancia para o setor de autom\u00f3veis no Distrito Federal. A nossa equipe de obras fez o que parecia ser imposs\u00edvel: concretizar um belo projeto em curto espa\u00e7o de tempo\u201d, afirmou.<\/p>\n<p>\u201cQuero cumprimentar a equipe de engenharia da PaulOOctavio, em especial o nosso engenheiro Marcelo Capetta, que conduziu o trabalho, e a equipe Bali, especialmente Ildeumar Fernandes e Ricardo Braga, que foram participativos em todos esses meses de luta. Quero desejar muito sucesso aos novos 70 novos membros das Organiza\u00e7\u00f5es PaulOOctavio. E que possamos continuar cumprindo nosso papel em Bras\u00edlia, que \u00e9 o de gerar emprego, pagar impostos e ativar a economia da cidade, com nossa presen\u00e7a nos mais diversos segmentos econ\u00f4micos\u201d, completou.<\/p>\n<p>Segundo o engenheiro Marcelo Capetta, o planejamento foi fundamental para que a obra fosse executada com rapidez. \u201cO espa\u00e7o da BYD era de oficinas e o projeto mudou a concep\u00e7\u00e3o. Precisamos fazer um refor\u00e7o estrutural, para comportar cargas adicionais, al\u00e9m da montagem para decora\u00e7\u00e3o e acabamento. Ent\u00e3o, tudo foi reformulado\u201d, comentou, lembrando a instala\u00e7\u00e3o de itens como porcelanato, novas paredes e instala\u00e7\u00f5es e sistema de ar-condicionado. \u201cTudo foi montado para poder atender em tempo recorde. O showroom comporta mais que 10 autom\u00f3veis, a quantidade de modelos da BYD\u201d, acrescentou.<\/p>\n<p><strong>Expectativa alta<\/strong><br \/>\nMaior concession\u00e1ria de Bras\u00edlia, a Bali j\u00e1 comercializa ve\u00edculos Fiat e Jeep, inclusive el\u00e9tricos. Superintendente da rede, Ildeumar Fernandes destaca que o segmento automotivo \u00e9 muito representativo nas Organiza\u00e7\u00f5es PaulOOctavio. \u201cAgora, com a chegada da Bali BYD, estamos ainda mais otimistas. A estrutura est\u00e1 pronta para inaugurarmos no s\u00e1bado. E vamos vender muito, com certeza\u201d, disse.<\/p>\n<p>\u201cO mercado tem absorvido bem a chegada do carro el\u00e9trico. Essa \u00e9 uma onda grande e a gente tem que surfar nela. O n\u00famero de neg\u00f3cios \u00e9 fant\u00e1stico e a tend\u00eancia do mercado \u00e9 o carro el\u00e9trico. E o produto BYD \u00e9 bom, bonito e est\u00e1 vindo bem\u201d, completou.<\/p>\n<p>A avalia\u00e7\u00e3o de Ricardo Braga, diretor comercial da Bali, \u00e9 semelhante. \u201cNossa expectativa \u00e9 vender bastante. A gente atua h\u00e1 30 anos no mercado, vendendo as outras marcas. E agora vamos atender nossos clientes com um novo produto. Todos est\u00e3o ansiosos pela inaugura\u00e7\u00e3o no pr\u00f3ximo dia 10\u201d, destacou.<\/p>\n<p>\u201cAlinhando a experi\u00eancia Bali de vendas com a qualidade no atendimento, a condi\u00e7\u00e3o competitiva dos pre\u00e7os e taxas de juros, a gente n\u00e3o tem d\u00favida de que vai ser um sucesso. Tenho certeza que nossos clientes ficar\u00e3o mais satisfeitos. Ent\u00e3o, preparem-se: dia 10, a Bali BYD vai vir com tudo\u201d, acrescentou.<\/p>\n<p>A equipe comercial \u00e9 integralmente especializada, inclusive com a contrata\u00e7\u00e3o de vendedores que se destacaram em outros estados como campe\u00f5es de venda de carros el\u00e9tricos. Esta foi uma das estrat\u00e9gias desenvolvidas em conjunto com o gerente-geral da concession\u00e1ria Bali BYD, Luiz Octavio Lemos Barretto. \u201cNossa expectativa \u00e9 muito grande. A gente veio para ser o n\u00famero 1 do Brasil. Ent\u00e3o, montamos um time forte e robusto\u201d, avaliou. \u201cA meta \u00e9 vender em torno de 300 carros. E a gente vai buscar isso\u201d, finalizou.<\/p>\n","protected":false},"excerpt":{"rendered":"<p>Ap\u00f3s seis meses da visita de Stella Li, CEO da BYD Am\u00e9ricas, de Tyler Li, presidente da BYD do Brasil, e de Alexandre Baldy, ex-ministro e vice-presidente da BYD Brasil, ao empres\u00e1rio Paulo Oct\u00e1vio, a Bali BYD est\u00e1 pronta para abrir as portas neste s\u00e1bado (10), no SAAN. Nesta quarta-feira (7), trabalhadores davam os \u00faltimos [&hellip;]<\/p>\n","protected":false},"author":2,"featured_media":334173,"comment_status":"closed","ping_status":"closed","sticky":false,"template":"","format":"standard","meta":{"_acf_changed":false,"footnotes":""},"categories":[161],"tags":[],"class_list":["post-334172","post","type-post","status-publish","format-standard","has-post-thumbnail","hentry","category-quadradinho-em-foco"],"acf":[],"_links":{"self":[{"href":"https:\/\/www.notibras.com\/site\/wp-json\/wp\/v2\/posts\/334172","targetHints":{"allow":["GET"]}}],"collection":[{"href":"https:\/\/www.notibras.com\/site\/wp-json\/wp\/v2\/posts"}],"about":[{"href":"https:\/\/www.notibras.com\/site\/wp-json\/wp\/v2\/types\/post"}],"author":[{"embeddable":true,"href":"https:\/\/www.notibras.com\/site\/wp-json\/wp\/v2\/users\/2"}],"replies":[{"embeddable":true,"href":"https:\/\/www.notibras.com\/site\/wp-json\/wp\/v2\/comments?post=334172"}],"version-history":[{"count":1,"href":"https:\/\/www.notibras.com\/site\/wp-json\/wp\/v2\/posts\/334172\/revisions"}],"predecessor-version":[{"id":334174,"href":"https:\/\/www.notibras.com\/site\/wp-json\/wp\/v2\/posts\/334172\/revisions\/334174"}],"wp:featuredmedia":[{"embeddable":true,"href":"https:\/\/www.notibras.com\/site\/wp-json\/wp\/v2\/media\/334173"}],"wp:attachment":[{"href":"https:\/\/www.notibras.com\/site\/wp-json\/wp\/v2\/media?parent=334172"}],"wp:term":[{"taxonomy":"category","embeddable":true,"href":"https:\/\/www.notibras.com\/site\/wp-json\/wp\/v2\/categories?post=334172"},{"taxonomy":"post_tag","embeddable":true,"href":"https:\/\/www.notibras.com\/site\/wp-json\/wp\/v2\/tags?post=334172"}],"curies":[{"name":"wp","href":"https:\/\/api.w.org\/{rel}","templated":true}]}}