{"id":334194,"date":"2024-08-08T17:56:16","date_gmt":"2024-08-08T20:56:16","guid":{"rendered":"https:\/\/www.notibras.com\/site\/?p=334194"},"modified":"2024-08-08T20:58:33","modified_gmt":"2024-08-08T23:58:33","slug":"fecomercio-anuncia-area-de-expansao-no-turismo-local","status":"publish","type":"post","link":"https:\/\/www.notibras.com\/site\/fecomercio-anuncia-area-de-expansao-no-turismo-local\/","title":{"rendered":"Fecom\u00e9rcio anuncia \u00e1rea de expans\u00e3o no turismo local"},"content":{"rendered":"<p>O presidente da Federa\u00e7\u00e3o do Com\u00e9rcio do Distrito Federal (Fecom\u00e9rcio), Jos\u00e9 Aparecido da Costa Freire, anunciou que a \u00e1rea de turismo da entidade vai ganhar um processo de expans\u00e3o. A novidade foi comunicada aos membros do Lide Bras\u00edlia, grupo comandado pelo empres\u00e1rio Paulo Oct\u00e1vio, no almo\u00e7o-debate promovido nesta quinta-feira (8), na resid\u00eancia do empres\u00e1rio Fernando Cavalcanti.<\/p>\n<p>O objetivo da Fecom\u00e9rcio \u00e9 trazer mais turistas para a capital. \u201cEm breve, o SESC ir\u00e1 anunciar detalhes sobre esse projeto. N\u00f3s pretendemos trazer para Bras\u00edlia, para que conhe\u00e7am a capital de todos os brasileiros, alunos dos outros Sescs do Brasil\u201d, afirmou. \u201cHoje, somos considerados o \u00fanico agente de turismo social da capital e do Brasil. No DF, oferecemos cerca de 200 atividades e, em breve, iremos ampliar nosso portf\u00f3lio de produtos e servi\u00e7os, tanto para o p\u00fablico interno quanto para o externo\u201d, completou.<\/p>\n<p>Para Paulo Oct\u00e1vio, presidente do Lide Bras\u00edlia, o encontro refor\u00e7ou a proximidade entre o setor produtivo e o governo. \u201cEssa sinergia tem sido constante aqui no Lide, quando levamos ao governo as preocupa\u00e7\u00f5es do setor produtivo e da sociedade civil organizada. Hoje, o Jos\u00e9 Aparecido veio apresentar propostas para o futuro da cidade e o que a Fecom\u00e9rcio e o Sistema S t\u00eam feito para ajudar a desenvolver Bras\u00edlia\u201d, ressaltou.<\/p>\n<p>\u201cHoje, mais de 300 mil trabalhadores s\u00e3o vinculados ao com\u00e9rcio. Se somarmos a presta\u00e7\u00e3o de servi\u00e7o, vamos chegar quase 600 mil pessoas envolvidas nesse segmento econ\u00f4mico. Por isso a Fecom\u00e9rcio tem uma import\u00e2ncia muito grande no desenvolvimento da capital. E o Jos\u00e9 Aparecido da Costa Freire tem sua aten\u00e7\u00e3o pautada na defesa dos interesses das categorias do com\u00e9rcio e no desenvolvimento socioecon\u00f4mico de todas as regi\u00f5es\u201d, afirmou.<\/p>\n<p>O anfitri\u00e3o Fernando Cavalcanti destacou a alegria de receber o setor produtivo e os l\u00edderes pol\u00edticos. \u201cEu sempre digo que a gente est\u00e1 junto aqui, sempre. Para n\u00f3s, \u00e9 uma grande alegria poder receber cada um de voc\u00eas e debater temas que t\u00e3o importantes aos empres\u00e1rios e \u00e0 sociedade brasiliense como um todo\u201d, discursou, cumprimentando o governador Ibaneis Rocha e agradecendo a Paulo Oct\u00e1vio por trazer debates t\u00e3o importantes.<\/p>\n","protected":false},"excerpt":{"rendered":"<p>O presidente da Federa\u00e7\u00e3o do Com\u00e9rcio do Distrito Federal (Fecom\u00e9rcio), Jos\u00e9 Aparecido da Costa Freire, anunciou que a \u00e1rea de turismo da entidade vai ganhar um processo de expans\u00e3o. A novidade foi comunicada aos membros do Lide Bras\u00edlia, grupo comandado pelo empres\u00e1rio Paulo Oct\u00e1vio, no almo\u00e7o-debate promovido nesta quinta-feira (8), na resid\u00eancia do empres\u00e1rio Fernando [&hellip;]<\/p>\n","protected":false},"author":2,"featured_media":334195,"comment_status":"closed","ping_status":"closed","sticky":false,"template":"","format":"standard","meta":{"_acf_changed":false,"footnotes":""},"categories":[161],"tags":[],"class_list":["post-334194","post","type-post","status-publish","format-standard","has-post-thumbnail","hentry","category-quadradinho-em-foco"],"acf":[],"_links":{"self":[{"href":"https:\/\/www.notibras.com\/site\/wp-json\/wp\/v2\/posts\/334194","targetHints":{"allow":["GET"]}}],"collection":[{"href":"https:\/\/www.notibras.com\/site\/wp-json\/wp\/v2\/posts"}],"about":[{"href":"https:\/\/www.notibras.com\/site\/wp-json\/wp\/v2\/types\/post"}],"author":[{"embeddable":true,"href":"https:\/\/www.notibras.com\/site\/wp-json\/wp\/v2\/users\/2"}],"replies":[{"embeddable":true,"href":"https:\/\/www.notibras.com\/site\/wp-json\/wp\/v2\/comments?post=334194"}],"version-history":[{"count":1,"href":"https:\/\/www.notibras.com\/site\/wp-json\/wp\/v2\/posts\/334194\/revisions"}],"predecessor-version":[{"id":334196,"href":"https:\/\/www.notibras.com\/site\/wp-json\/wp\/v2\/posts\/334194\/revisions\/334196"}],"wp:featuredmedia":[{"embeddable":true,"href":"https:\/\/www.notibras.com\/site\/wp-json\/wp\/v2\/media\/334195"}],"wp:attachment":[{"href":"https:\/\/www.notibras.com\/site\/wp-json\/wp\/v2\/media?parent=334194"}],"wp:term":[{"taxonomy":"category","embeddable":true,"href":"https:\/\/www.notibras.com\/site\/wp-json\/wp\/v2\/categories?post=334194"},{"taxonomy":"post_tag","embeddable":true,"href":"https:\/\/www.notibras.com\/site\/wp-json\/wp\/v2\/tags?post=334194"}],"curies":[{"name":"wp","href":"https:\/\/api.w.org\/{rel}","templated":true}]}}