{"id":334214,"date":"2024-08-09T05:45:01","date_gmt":"2024-08-09T08:45:01","guid":{"rendered":"https:\/\/www.notibras.com\/site\/?p=334214"},"modified":"2024-08-08T22:46:07","modified_gmt":"2024-08-09T01:46:07","slug":"mulher-testemunha-de-jeova-movimenta-supremo","status":"publish","type":"post","link":"https:\/\/www.notibras.com\/site\/mulher-testemunha-de-jeova-movimenta-supremo\/","title":{"rendered":"Mulher Testemunha de Jeov\u00e1 movimenta Supremo"},"content":{"rendered":"<p>O Supremo Tribunal Federal (STF) come\u00e7ou a analisar na quinta-feira (8) se as testemunhas de Jeov\u00e1 podem recusar transfus\u00e3o de sangue em tratamentos realizados pelo Sistema \u00danico da Sa\u00fade (SUS). A Corte tamb\u00e9m decidir\u00e1 se o Estado deve custear tratamento alternativo que n\u00e3o utilize a transfus\u00e3o de sangue. Por raz\u00f5es religiosas, as testemunhas n\u00e3o realizam o procedimento.<\/p>\n<p>Dois recursos protocolados na Corte motivam o julgamento da quest\u00e3o. O primeiro envolve o caso de uma mulher que se recusou a conceder autoriza\u00e7\u00e3o para transfus\u00e3o de sangue durante cirurgia card\u00edaca na Santa Casa de Miseric\u00f3rdia de Macei\u00f3. Diante da negativa, o hospital n\u00e3o realizou o procedimento.<\/p>\n<p>No segundo caso, um homem, que tamb\u00e9m faz parte do grupo religioso, pediu que a Justi\u00e7a determine ao SUS o custeio de uma cirurgia ortop\u00e9dica que n\u00e3o realiza a transfus\u00e3o, al\u00e9m do pagamento dos gastos com o tratamento.<\/p>\n<p>Segundo a advogada Eliza Gomes Morais Akiyama, representante da mulher que recusou a transfus\u00e3o, as testemunhas de Jeov\u00e1 passam dificuldades para manter sua sa\u00fade. Eliza tamb\u00e9m defendeu que o Estado deve oferecer tratamentos sem o uso de transfus\u00e3o de sangue.<\/p>\n<p>&#8220;A recusa n\u00e3o \u00e9 um capricho. Recusar transfus\u00e3o de sangue est\u00e1 estritamente ligado ao exerc\u00edcio da dignidade pessoal e para viver poder em paz com ela mesma e com o Deus que ela tanta ama, Jeov\u00e1. Ser\u00e1 que essa recusa \u00e9 um ato de extremismo, de fanatismo religioso ou ser\u00e1 que o avan\u00e7o da medicina e do direito tem apontado que \u00e9 razo\u00e1vel e legitimo um paciente fazer essa escolha em raz\u00e3o de suas convic\u00e7\u00f5es religiosas?&#8221;, questionou.<\/p>\n<p>O defensor p\u00fablico P\u00e9ricles Batista da Silva defendeu a implanta\u00e7\u00e3o de um protocolo para atendimento das testemunhas de Jeov\u00e1 e disse que a escolha de n\u00e3o passar pela transfus\u00e3o deve ser respeitada quando m\u00e9dicos tiverem conhecimento da condi\u00e7\u00e3o. &#8220;N\u00e3o h\u00e1 como obrigar um paciente adulto e capaz a receber um tratamento m\u00e9dico.&#8221;<\/p>\n<p>Para o advogado Henderson Furst, representante da Sociedade Brasileira de Bio\u00e9tica, a autonomia dos pacientes deve ser respeitada pelos m\u00e9dicos, contudo ele apontou que h\u00e1 inseguran\u00e7a jur\u00eddica para os profissionais de sa\u00fade.<\/p>\n<p>&#8220;Trata-se de observar um entendimento mais amplo. Como registrar essa autonomia? Um testamento ser\u00e1 suficiente? Preciso registrar no cart\u00f3rio ou n\u00e3o?&#8221;, questionou.<\/p>\n<p>Na sess\u00e3o de hoje, os ministros ouviram as sustenta\u00e7\u00f5es das partes envolvidas no processo. Os votos ser\u00e3o proferidos no julgamento da causa, que ainda n\u00e3o tem data definida.<\/p>\n","protected":false},"excerpt":{"rendered":"<p>O Supremo Tribunal Federal (STF) come\u00e7ou a analisar na quinta-feira (8) se as testemunhas de Jeov\u00e1 podem recusar transfus\u00e3o de sangue em tratamentos realizados pelo Sistema \u00danico da Sa\u00fade (SUS). A Corte tamb\u00e9m decidir\u00e1 se o Estado deve custear tratamento alternativo que n\u00e3o utilize a transfus\u00e3o de sangue. Por raz\u00f5es religiosas, as testemunhas n\u00e3o realizam [&hellip;]<\/p>\n","protected":false},"author":2,"featured_media":334215,"comment_status":"closed","ping_status":"closed","sticky":false,"template":"","format":"standard","meta":{"_acf_changed":false,"footnotes":""},"categories":[165],"tags":[],"class_list":["post-334214","post","type-post","status-publish","format-standard","has-post-thumbnail","hentry","category-nordeste"],"acf":[],"_links":{"self":[{"href":"https:\/\/www.notibras.com\/site\/wp-json\/wp\/v2\/posts\/334214","targetHints":{"allow":["GET"]}}],"collection":[{"href":"https:\/\/www.notibras.com\/site\/wp-json\/wp\/v2\/posts"}],"about":[{"href":"https:\/\/www.notibras.com\/site\/wp-json\/wp\/v2\/types\/post"}],"author":[{"embeddable":true,"href":"https:\/\/www.notibras.com\/site\/wp-json\/wp\/v2\/users\/2"}],"replies":[{"embeddable":true,"href":"https:\/\/www.notibras.com\/site\/wp-json\/wp\/v2\/comments?post=334214"}],"version-history":[{"count":1,"href":"https:\/\/www.notibras.com\/site\/wp-json\/wp\/v2\/posts\/334214\/revisions"}],"predecessor-version":[{"id":334216,"href":"https:\/\/www.notibras.com\/site\/wp-json\/wp\/v2\/posts\/334214\/revisions\/334216"}],"wp:featuredmedia":[{"embeddable":true,"href":"https:\/\/www.notibras.com\/site\/wp-json\/wp\/v2\/media\/334215"}],"wp:attachment":[{"href":"https:\/\/www.notibras.com\/site\/wp-json\/wp\/v2\/media?parent=334214"}],"wp:term":[{"taxonomy":"category","embeddable":true,"href":"https:\/\/www.notibras.com\/site\/wp-json\/wp\/v2\/categories?post=334214"},{"taxonomy":"post_tag","embeddable":true,"href":"https:\/\/www.notibras.com\/site\/wp-json\/wp\/v2\/tags?post=334214"}],"curies":[{"name":"wp","href":"https:\/\/api.w.org\/{rel}","templated":true}]}}