{"id":334217,"date":"2024-08-09T00:54:39","date_gmt":"2024-08-09T03:54:39","guid":{"rendered":"https:\/\/www.notibras.com\/site\/?p=334217"},"modified":"2024-08-09T07:36:22","modified_gmt":"2024-08-09T10:36:22","slug":"pe-de-meia-chegara-a-4-milhoes-de-estudantes-em-setembro","status":"publish","type":"post","link":"https:\/\/www.notibras.com\/site\/pe-de-meia-chegara-a-4-milhoes-de-estudantes-em-setembro\/","title":{"rendered":"P\u00e9-de-Meia chegar\u00e1 a 4 milh\u00f5es de estudantes em setembro"},"content":{"rendered":"<p>O total de beneficiados pelo programa P\u00e9-de-Meia aumentar\u00e1 para quase quatro milh\u00f5es at\u00e9 setembro. A amplia\u00e7\u00e3o da pol\u00edtica p\u00fablica federal foi anunciada pelo presidente Luiz In\u00e1cio Lula da Silva durante visita ao Cear\u00e1.<\/p>\n<p>A expans\u00e3o da iniciativa federal inclui estudantes do ensino m\u00e9dio de escolas p\u00fablicas, pertencentes a fam\u00edlias que estejam inscritas no Cadastro \u00danico para Programas Sociais (Cad\u00danico) e com renda per capita (por cabe\u00e7a) de at\u00e9 meio sal\u00e1rio m\u00ednimo.<\/p>\n<p>A maior parte dos benefici\u00e1rios est\u00e1 na regi\u00e3o Nordeste. As mudan\u00e7as no programa P\u00e9-de-Meia tamb\u00e9m contemplar\u00e3o alunos da educa\u00e7\u00e3o de jovens e adultos (EJA), que cumprirem os mesmos crit\u00e9rios estabelecidos.<\/p>\n<p>A expans\u00e3o do programa nestas duas frentes elevou o n\u00famero de beneficiados de 2,7 milh\u00f5es de estudantes para quase quatro milh\u00f5es.<\/p>\n<p><strong>Pagamentos<\/strong><br \/>\nO Minist\u00e9rio da Educa\u00e7\u00e3o informou que os estudantes com Cad\u00danico matriculados no ensino m\u00e9dio p\u00fablico receber\u00e3o a chamada poupan\u00e7a do ensino m\u00e9dio, a partir de agosto deste ano.<\/p>\n<p>No caso dos estudantes da educa\u00e7\u00e3o de jovens e adultos (EJA), o pagamento ser\u00e1 a partir de setembro.<\/p>\n<p>Os recursos para o pagamento das parcelas est\u00e3o garantidos. Os dep\u00f3sitos s\u00e3o feitos pelo Minist\u00e9rio da Educa\u00e7\u00e3o, em uma conta aberta automaticamente pela Caixa Econ\u00f4mica Federal para estudantes que cumprem os crit\u00e9rios do programa.<\/p>\n<p>O pagamento das parcelas do P\u00e9-de-Meia est\u00e1 condicionado \u00e0 aprova\u00e7\u00e3o ao fim de cada ano do ensino m\u00e9dio e exige a frequ\u00eancia do aluno em mais de 80% das aulas durante o m\u00eas.<\/p>\n<p><strong>P\u00e9-de-Meia<\/strong><br \/>\nO P\u00e9-de-Meia (MEC) foi institu\u00eddo pela lei n\u00ba 14.818\/2024.<\/p>\n<p>O incentivo financeiro-educacional, na modalidade de poupan\u00e7a, \u00e9 destinado aos estudantes matriculados no ensino m\u00e9dio p\u00fablico.<\/p>\n<p>Segundo dados do Censo da Educa\u00e7\u00e3o B\u00e1sica, em 2022 a taxa de repet\u00eancia entre os estudantes brasileiros foi de 3,9, enquanto a taxa de evas\u00e3o atingiu 5,9.<\/p>\n<p><strong>Poupan\u00e7a<\/strong><br \/>\nPelo programa, o estudante recebe um incentivo de R$ 200 mensais, que pode ser sacado a qualquer momento.<\/p>\n<p>No fim de cada ano letivo do ensino m\u00e9dio conclu\u00eddo com aprova\u00e7\u00e3o, o benefici\u00e1rio tamb\u00e9m ter\u00e1 o dep\u00f3sito de R$ 1 mil, que s\u00f3 podem ser retirados da poupan\u00e7a ap\u00f3s a formatura no ensino m\u00e9dio.<\/p>\n<p>Se o estudante receber as dez parcelas de incentivo, os dep\u00f3sitos anuais e o adicional de R$ 200 pela participa\u00e7\u00e3o no Exame Nacional do Ensino M\u00e9dio (Enem), os valores chegam a R$ 9.200 para o aluno que cursar todo o ensino m\u00e9dio.<\/p>\n<p>O programa teve a ades\u00e3o de todos os estados, do Distrito Federal e de 74 secretarias de educa\u00e7\u00e3o municipais que oferecem o ensino m\u00e9dio regular na rede p\u00fablica.<\/p>\n","protected":false},"excerpt":{"rendered":"<p>O total de beneficiados pelo programa P\u00e9-de-Meia aumentar\u00e1 para quase quatro milh\u00f5es at\u00e9 setembro. A amplia\u00e7\u00e3o da pol\u00edtica p\u00fablica federal foi anunciada pelo presidente Luiz In\u00e1cio Lula da Silva durante visita ao Cear\u00e1. A expans\u00e3o da iniciativa federal inclui estudantes do ensino m\u00e9dio de escolas p\u00fablicas, pertencentes a fam\u00edlias que estejam inscritas no Cadastro \u00danico [&hellip;]<\/p>\n","protected":false},"author":2,"featured_media":334218,"comment_status":"closed","ping_status":"closed","sticky":false,"template":"","format":"standard","meta":{"_acf_changed":false,"footnotes":""},"categories":[165],"tags":[],"class_list":["post-334217","post","type-post","status-publish","format-standard","has-post-thumbnail","hentry","category-nordeste"],"acf":[],"_links":{"self":[{"href":"https:\/\/www.notibras.com\/site\/wp-json\/wp\/v2\/posts\/334217","targetHints":{"allow":["GET"]}}],"collection":[{"href":"https:\/\/www.notibras.com\/site\/wp-json\/wp\/v2\/posts"}],"about":[{"href":"https:\/\/www.notibras.com\/site\/wp-json\/wp\/v2\/types\/post"}],"author":[{"embeddable":true,"href":"https:\/\/www.notibras.com\/site\/wp-json\/wp\/v2\/users\/2"}],"replies":[{"embeddable":true,"href":"https:\/\/www.notibras.com\/site\/wp-json\/wp\/v2\/comments?post=334217"}],"version-history":[{"count":2,"href":"https:\/\/www.notibras.com\/site\/wp-json\/wp\/v2\/posts\/334217\/revisions"}],"predecessor-version":[{"id":334243,"href":"https:\/\/www.notibras.com\/site\/wp-json\/wp\/v2\/posts\/334217\/revisions\/334243"}],"wp:featuredmedia":[{"embeddable":true,"href":"https:\/\/www.notibras.com\/site\/wp-json\/wp\/v2\/media\/334218"}],"wp:attachment":[{"href":"https:\/\/www.notibras.com\/site\/wp-json\/wp\/v2\/media?parent=334217"}],"wp:term":[{"taxonomy":"category","embeddable":true,"href":"https:\/\/www.notibras.com\/site\/wp-json\/wp\/v2\/categories?post=334217"},{"taxonomy":"post_tag","embeddable":true,"href":"https:\/\/www.notibras.com\/site\/wp-json\/wp\/v2\/tags?post=334217"}],"curies":[{"name":"wp","href":"https:\/\/api.w.org\/{rel}","templated":true}]}}