{"id":334220,"date":"2024-08-08T15:01:17","date_gmt":"2024-08-08T18:01:17","guid":{"rendered":"https:\/\/www.notibras.com\/site\/?p=334220"},"modified":"2024-08-08T23:03:08","modified_gmt":"2024-08-09T02:03:08","slug":"justica-eleitoral-encerra-nomeacao-de-mesarios","status":"publish","type":"post","link":"https:\/\/www.notibras.com\/site\/justica-eleitoral-encerra-nomeacao-de-mesarios\/","title":{"rendered":"Justi\u00e7a Eleitoral encerra nomea\u00e7\u00e3o de mes\u00e1rios"},"content":{"rendered":"<p>Terminou o prazo para a Justi\u00e7a Eleitoral nomear todos os mes\u00e1rios convocados para trabalhar nas elei\u00e7\u00f5es municipais de 2024, que ocorrem em 6 de outubro, com eventual segundo turno em 27 de outubro.<\/p>\n<p>Para saber se foi convocado para trabalhar, o eleitor que se inscreveu como volunt\u00e1rio deve buscar o edital publicado no Di\u00e1rio de Justi\u00e7a Eletr\u00f4nico do Tribunal Regional Eleitoral de seu estado ou entrar em contato com o cart\u00f3rio eleitoral onde possui registro. Todos os contatos podem ser encontrados no portal do Tribunal Superior Eleitoral (TSE). . Os convocados podem atuar tamb\u00e9m com o apoio log\u00edstico ao pleito.<\/p>\n<p>Quem quiser se opor \u00e0 convoca\u00e7\u00e3o deve se manifestar em cinco dias \u00fateis a partir da publica\u00e7\u00e3o do edital. Segundo o TSE, o prazo para resposta \u00e9 de dois dias, cabendo recurso juntamente aos tribunais regionais eleitorais (TREs), dentro de tr\u00eas dias, com igual per\u00edodo para resposta. Partidos e federa\u00e7\u00f5es tamb\u00e9m podem contestar os nomes convocados, no mesmo prazo de cinco dias.<\/p>\n<p>Pode ser convocado para ser mes\u00e1rio qualquer eleitor acima de 18 anos que esteja em situa\u00e7\u00e3o regular com a Justi\u00e7a Eleitoral. Costumam ser convocados primeiro, contudo, aqueles que se voluntariaram no respectivo TRE local.<\/p>\n<p>Quem for convocado e n\u00e3o comparecer ao treinamento ou faltar no dia da vota\u00e7\u00e3o precisa justificar a aus\u00eancia ou pode estar sujeito a puni\u00e7\u00f5es a serem decididas pelo juiz eleitoral respons\u00e1vel.<\/p>\n<p>Os mes\u00e1rios n\u00e3o recebem pagamento, mas t\u00eam direito a uma ajuda de custo no valor de R$ 60 por cada turno trabalhado. Se for trabalhador formal, o mes\u00e1rio tem ainda direito a dois dias de folga para cada dia trabalhado nas elei\u00e7\u00f5es, sem preju\u00edzo do sal\u00e1rio.<\/p>\n<p>H\u00e1 pessoas que s\u00e3o proibidas de serem mes\u00e1rias. S\u00e3o elas:<\/p>\n<p>&#8211; candidatas e candidatos, seus c\u00f4njuges e parentes, ainda que por afinidade, at\u00e9 o segundo grau inclusive<\/p>\n<p>&#8211; membros de diret\u00f3rios de partidos pol\u00edticos e de federa\u00e7\u00f5es<\/p>\n<p>&#8211; autoridades e agentes policiais<\/p>\n<p>&#8211; ocupantes de cargos de confian\u00e7a do Poder Executivo<\/p>\n<p>&#8211; servidores da Justi\u00e7a Eleitoral<\/p>\n<p>&#8211; eleitoras ou eleitores menores de 18 anos.<\/p>\n","protected":false},"excerpt":{"rendered":"<p>Terminou o prazo para a Justi\u00e7a Eleitoral nomear todos os mes\u00e1rios convocados para trabalhar nas elei\u00e7\u00f5es municipais de 2024, que ocorrem em 6 de outubro, com eventual segundo turno em 27 de outubro. Para saber se foi convocado para trabalhar, o eleitor que se inscreveu como volunt\u00e1rio deve buscar o edital publicado no Di\u00e1rio de [&hellip;]<\/p>\n","protected":false},"author":2,"featured_media":275329,"comment_status":"closed","ping_status":"closed","sticky":false,"template":"","format":"standard","meta":{"_acf_changed":false,"footnotes":""},"categories":[165],"tags":[],"class_list":["post-334220","post","type-post","status-publish","format-standard","has-post-thumbnail","hentry","category-nordeste"],"acf":[],"_links":{"self":[{"href":"https:\/\/www.notibras.com\/site\/wp-json\/wp\/v2\/posts\/334220","targetHints":{"allow":["GET"]}}],"collection":[{"href":"https:\/\/www.notibras.com\/site\/wp-json\/wp\/v2\/posts"}],"about":[{"href":"https:\/\/www.notibras.com\/site\/wp-json\/wp\/v2\/types\/post"}],"author":[{"embeddable":true,"href":"https:\/\/www.notibras.com\/site\/wp-json\/wp\/v2\/users\/2"}],"replies":[{"embeddable":true,"href":"https:\/\/www.notibras.com\/site\/wp-json\/wp\/v2\/comments?post=334220"}],"version-history":[{"count":1,"href":"https:\/\/www.notibras.com\/site\/wp-json\/wp\/v2\/posts\/334220\/revisions"}],"predecessor-version":[{"id":334221,"href":"https:\/\/www.notibras.com\/site\/wp-json\/wp\/v2\/posts\/334220\/revisions\/334221"}],"wp:featuredmedia":[{"embeddable":true,"href":"https:\/\/www.notibras.com\/site\/wp-json\/wp\/v2\/media\/275329"}],"wp:attachment":[{"href":"https:\/\/www.notibras.com\/site\/wp-json\/wp\/v2\/media?parent=334220"}],"wp:term":[{"taxonomy":"category","embeddable":true,"href":"https:\/\/www.notibras.com\/site\/wp-json\/wp\/v2\/categories?post=334220"},{"taxonomy":"post_tag","embeddable":true,"href":"https:\/\/www.notibras.com\/site\/wp-json\/wp\/v2\/tags?post=334220"}],"curies":[{"name":"wp","href":"https:\/\/api.w.org\/{rel}","templated":true}]}}