{"id":334222,"date":"2024-08-08T14:36:07","date_gmt":"2024-08-08T17:36:07","guid":{"rendered":"https:\/\/www.notibras.com\/site\/?p=334222"},"modified":"2024-08-09T00:38:14","modified_gmt":"2024-08-09T03:38:14","slug":"vereadores-querem-reativar-centro-de-exposicao-de-animais","status":"publish","type":"post","link":"https:\/\/www.notibras.com\/site\/vereadores-querem-reativar-centro-de-exposicao-de-animais\/","title":{"rendered":"Vereadores querem reativar Centro de Exposi\u00e7\u00e3o de Animais"},"content":{"rendered":"<p>Na sess\u00e3o ordin\u00e1ria da C\u00e2mara Municipal de Jo\u00e3o Pessoa desta quinta-feira (8), os vereadores aprovaram um voto de aplauso \u00e0 Federa\u00e7\u00e3o Brasileira das Associa\u00e7\u00f5es de S\u00edndrome de Down pelos 30 anos de servi\u00e7os prestados em defesa dos direitos e garantias fundamentais das pessoas com trissomia 21 ou defici\u00eancias intelectuais.<\/p>\n<p>Durante a sess\u00e3o, tamb\u00e9m foi solicitada a reativa\u00e7\u00e3o do Centro de Exposi\u00e7\u00e3o de Animais, localizado no Cristo, al\u00e9m da revitaliza\u00e7\u00e3o da Empresa Paraibana de Abastecimento e Servi\u00e7os Agr\u00edcolas (Empasa) e a instala\u00e7\u00e3o de uma ag\u00eancia banc\u00e1ria na \u00e1rea.<\/p>\n<p>Ainda foi requerida a revitaliza\u00e7\u00e3o do entorno do Est\u00e1dio Jos\u00e9 de Am\u00e9rico Almeida Filho, mais conhecido como Almeid\u00e3o, com o objetivo de garantir espa\u00e7o para a pr\u00e1tica de atividades f\u00edsicas aos moradores do bairro. Na ocasi\u00e3o, foi revelado que j\u00e1 existem projetos de revitaliza\u00e7\u00e3o da \u00e1rea, inclusive com a instala\u00e7\u00e3o de um Terminal de Integra\u00e7\u00e3o na regi\u00e3o.<\/p>\n<p>A extens\u00e3o do programa P\u00e9-de-Meia, de incentivo financeiro e educacional, do Governo Federal, \u00e0 Educa\u00e7\u00e3o de Jovens e Adultos (EJA) tamb\u00e9m foi sugerida. A medida poderia contribuir com a diminui\u00e7\u00e3o dos \u00edndices de analfabetismo.<\/p>\n<p>A cobran\u00e7a de energia pela m\u00e9dia ou por estimativa de consumo tamb\u00e9m foi criticada durante a sess\u00e3o.<\/p>\n","protected":false},"excerpt":{"rendered":"<p>Na sess\u00e3o ordin\u00e1ria da C\u00e2mara Municipal de Jo\u00e3o Pessoa desta quinta-feira (8), os vereadores aprovaram um voto de aplauso \u00e0 Federa\u00e7\u00e3o Brasileira das Associa\u00e7\u00f5es de S\u00edndrome de Down pelos 30 anos de servi\u00e7os prestados em defesa dos direitos e garantias fundamentais das pessoas com trissomia 21 ou defici\u00eancias intelectuais. Durante a sess\u00e3o, tamb\u00e9m foi solicitada [&hellip;]<\/p>\n","protected":false},"author":2,"featured_media":334223,"comment_status":"closed","ping_status":"closed","sticky":false,"template":"","format":"standard","meta":{"_acf_changed":false,"footnotes":""},"categories":[165],"tags":[],"class_list":["post-334222","post","type-post","status-publish","format-standard","has-post-thumbnail","hentry","category-nordeste"],"acf":[],"_links":{"self":[{"href":"https:\/\/www.notibras.com\/site\/wp-json\/wp\/v2\/posts\/334222","targetHints":{"allow":["GET"]}}],"collection":[{"href":"https:\/\/www.notibras.com\/site\/wp-json\/wp\/v2\/posts"}],"about":[{"href":"https:\/\/www.notibras.com\/site\/wp-json\/wp\/v2\/types\/post"}],"author":[{"embeddable":true,"href":"https:\/\/www.notibras.com\/site\/wp-json\/wp\/v2\/users\/2"}],"replies":[{"embeddable":true,"href":"https:\/\/www.notibras.com\/site\/wp-json\/wp\/v2\/comments?post=334222"}],"version-history":[{"count":1,"href":"https:\/\/www.notibras.com\/site\/wp-json\/wp\/v2\/posts\/334222\/revisions"}],"predecessor-version":[{"id":334224,"href":"https:\/\/www.notibras.com\/site\/wp-json\/wp\/v2\/posts\/334222\/revisions\/334224"}],"wp:featuredmedia":[{"embeddable":true,"href":"https:\/\/www.notibras.com\/site\/wp-json\/wp\/v2\/media\/334223"}],"wp:attachment":[{"href":"https:\/\/www.notibras.com\/site\/wp-json\/wp\/v2\/media?parent=334222"}],"wp:term":[{"taxonomy":"category","embeddable":true,"href":"https:\/\/www.notibras.com\/site\/wp-json\/wp\/v2\/categories?post=334222"},{"taxonomy":"post_tag","embeddable":true,"href":"https:\/\/www.notibras.com\/site\/wp-json\/wp\/v2\/tags?post=334222"}],"curies":[{"name":"wp","href":"https:\/\/api.w.org\/{rel}","templated":true}]}}