{"id":334255,"date":"2024-08-09T00:50:28","date_gmt":"2024-08-09T03:50:28","guid":{"rendered":"https:\/\/www.notibras.com\/site\/?p=334255"},"modified":"2024-08-09T08:52:18","modified_gmt":"2024-08-09T11:52:18","slug":"vem-ai-periodo-de-vazio-sanitario-de-producao-do-feijao","status":"publish","type":"post","link":"https:\/\/www.notibras.com\/site\/vem-ai-periodo-de-vazio-sanitario-de-producao-do-feijao\/","title":{"rendered":"Vem a\u00ed per\u00edodo de vazio sanit\u00e1rio de produ\u00e7\u00e3o do feij\u00e3o"},"content":{"rendered":"<p>A Secretaria da Agricultura, Abastecimento e Desenvolvimento Rural do Distrito Federal (Seagri) iniciou a campanha de prepara\u00e7\u00e3o para o per\u00edodo do vazio sanit\u00e1rio da cultura do feij\u00e3o comum (Phaseolus vulgaris). A medida, que vigorar\u00e1 de 20 de setembro a 20 de outubro de 2024, est\u00e1 sendo anunciada com anteced\u00eancia para que os produtores possam se preparar, j\u00e1 que durante este per\u00edodo n\u00e3o deve haver plantas vivas de feij\u00e3o no campo.<\/p>\n<p>O vazio sanit\u00e1rio \u00e9 uma medida preventiva que visa impedir a sobreviv\u00eancia de pragas agr\u00edcolas por meio da elimina\u00e7\u00e3o total de plantas vivas de feij\u00e3o e plantas invasoras na \u00e1rea de plantio, com exce\u00e7\u00e3o das \u00e1reas de pesquisa cient\u00edfica e de produ\u00e7\u00e3o de sementes gen\u00e9ticas devidamente autorizadas e monitoradas. O objetivo \u00e9 prevenir pragas que causam preju\u00edzos significativos \u00e0 cultura do feij\u00e3o, como o v\u00edrus do mosaico-dourado do feijoeiro (Bean Golden Mosaic Virus), transmitido pela mosca-branca (Bemisia tabaci).<\/p>\n<p>Institu\u00eddo pela Portaria n\u00ba 46, de 16 de maio de 2013, e alterado pela Portaria n\u00ba 32, de 28 de maio de 2014, o vazio sanit\u00e1rio tem se mostrado uma ferramenta essencial no combate \u00e0s pragas. Desde a implementa\u00e7\u00e3o, a medida tem contribu\u00eddo para a redu\u00e7\u00e3o da popula\u00e7\u00e3o da mosca-branca, diminuindo os danos causados pela virose.<\/p>\n<p>O secret\u00e1rio de Agricultura, Abastecimento e Desenvolvimento Rural, Rafael Bueno, aponta, como outro benef\u00edcio, a redu\u00e7\u00e3o do valor investido na produ\u00e7\u00e3o: \u201cUma das principais import\u00e2ncias quando a gente trata na quest\u00e3o do vazio sanit\u00e1rio do feij\u00e3o \u00e9 a redu\u00e7\u00e3o dos custos de produ\u00e7\u00e3o. \u00c0 medida que n\u00f3s temos um controle sanit\u00e1rio da mosca branca e a redu\u00e7\u00e3o da incid\u00eancia do mosaico dourado, n\u00f3s reduzimos o n\u00famero de aplica\u00e7\u00e3o de inseticidas para o controle do vetor, no caso a mosca branca, e garantimos tamb\u00e9m um produto de melhor qualidade\u201d, afirmou o secret\u00e1rio.<\/p>\n<p>A Seagri-DF \u00e9 respons\u00e1vel pela fiscaliza\u00e7\u00e3o do cumprimento do vazio sanit\u00e1rio, garantindo que a medida seja eficaz. O descumprimento da medida sujeita o infrator \u00e0s san\u00e7\u00f5es previstas na Lei Distrital no 6932\/21, incluindo a aplica\u00e7\u00e3o de multas e outras penalidades civis e penais, refor\u00e7ando a import\u00e2ncia da ades\u00e3o dos produtores \u00e0s normas estabelecidas.<\/p>\n<p>O secret\u00e1rio de Agricultura enfatizou a import\u00e2ncia do gr\u00e3o dentre as diversas culturas cultivadas na regi\u00e3o. \u201cO Distrito Federal hoje \u00e9 uma refer\u00eancia nacional na produ\u00e7\u00e3o de feij\u00e3o, com uma m\u00e9dia de produtividade quatro vezes maior que a nacional. Nossas safras, al\u00e9m de garantir o abastecimento interno do Distrito Federal, fazem o abastecimento de parte da demanda das regi\u00f5es Norte e Nordeste do Brasil. Ent\u00e3o \u00e9 importante o vazio sanit\u00e1rio para, cada vez mais, o Distrito Federal se consolidar como um importante fornecedor e abastecedor de feij\u00e3o\u201d, informou Rafael.<\/p>\n<p>Os produtores de feij\u00e3o do Distrito Federal e profissionais da \u00e1rea devem estar atentos \u00e0 obrigatoriedade de ades\u00e3o ao vazio sanit\u00e1rio. \u00c9 essencial que todas as medidas necess\u00e1rias sejam executadas antes do in\u00edcio do per\u00edodo estabelecido para garantir a sa\u00fade das lavouras e a continuidade da produ\u00e7\u00e3o agr\u00edcola na regi\u00e3o.<\/p>\n","protected":false},"excerpt":{"rendered":"<p>A Secretaria da Agricultura, Abastecimento e Desenvolvimento Rural do Distrito Federal (Seagri) iniciou a campanha de prepara\u00e7\u00e3o para o per\u00edodo do vazio sanit\u00e1rio da cultura do feij\u00e3o comum (Phaseolus vulgaris). A medida, que vigorar\u00e1 de 20 de setembro a 20 de outubro de 2024, est\u00e1 sendo anunciada com anteced\u00eancia para que os produtores possam se [&hellip;]<\/p>\n","protected":false},"author":2,"featured_media":334256,"comment_status":"closed","ping_status":"closed","sticky":false,"template":"","format":"standard","meta":{"_acf_changed":false,"footnotes":""},"categories":[161],"tags":[],"class_list":["post-334255","post","type-post","status-publish","format-standard","has-post-thumbnail","hentry","category-quadradinho-em-foco"],"acf":[],"_links":{"self":[{"href":"https:\/\/www.notibras.com\/site\/wp-json\/wp\/v2\/posts\/334255","targetHints":{"allow":["GET"]}}],"collection":[{"href":"https:\/\/www.notibras.com\/site\/wp-json\/wp\/v2\/posts"}],"about":[{"href":"https:\/\/www.notibras.com\/site\/wp-json\/wp\/v2\/types\/post"}],"author":[{"embeddable":true,"href":"https:\/\/www.notibras.com\/site\/wp-json\/wp\/v2\/users\/2"}],"replies":[{"embeddable":true,"href":"https:\/\/www.notibras.com\/site\/wp-json\/wp\/v2\/comments?post=334255"}],"version-history":[{"count":1,"href":"https:\/\/www.notibras.com\/site\/wp-json\/wp\/v2\/posts\/334255\/revisions"}],"predecessor-version":[{"id":334257,"href":"https:\/\/www.notibras.com\/site\/wp-json\/wp\/v2\/posts\/334255\/revisions\/334257"}],"wp:featuredmedia":[{"embeddable":true,"href":"https:\/\/www.notibras.com\/site\/wp-json\/wp\/v2\/media\/334256"}],"wp:attachment":[{"href":"https:\/\/www.notibras.com\/site\/wp-json\/wp\/v2\/media?parent=334255"}],"wp:term":[{"taxonomy":"category","embeddable":true,"href":"https:\/\/www.notibras.com\/site\/wp-json\/wp\/v2\/categories?post=334255"},{"taxonomy":"post_tag","embeddable":true,"href":"https:\/\/www.notibras.com\/site\/wp-json\/wp\/v2\/tags?post=334255"}],"curies":[{"name":"wp","href":"https:\/\/api.w.org\/{rel}","templated":true}]}}