{"id":334296,"date":"2024-08-10T00:08:36","date_gmt":"2024-08-10T03:08:36","guid":{"rendered":"https:\/\/www.notibras.com\/site\/?p=334296"},"modified":"2024-08-10T07:10:54","modified_gmt":"2024-08-10T10:10:54","slug":"farmacias-orientadas-para-testes-de-hiv-sifilis-e-hepatites","status":"publish","type":"post","link":"https:\/\/www.notibras.com\/site\/farmacias-orientadas-para-testes-de-hiv-sifilis-e-hepatites\/","title":{"rendered":"Farm\u00e1cias orientadas para teste de HIV, s\u00edfilis e hepatite"},"content":{"rendered":"<p>O Minist\u00e9rio da Sa\u00fade publicou nota t\u00e9cnica orientando farm\u00e1cias autorizadas sobre a realiza\u00e7\u00e3o de testes r\u00e1pidos para diagn\u00f3stico de HIV, s\u00edfilis, hepatites virais e outras infec\u00e7\u00f5es sexualmente transmiss\u00edveis (ISTs).<\/p>\n<p>O documento tem como base recomenda\u00e7\u00e3o da Ag\u00eancia Nacional de Vigil\u00e2ncia Sanit\u00e1ria (Anvisa) que prev\u00ea a inclus\u00e3o de farm\u00e1cias no grupo que oferta esse tipo de testagem. \u201cSomente as farm\u00e1cias habilitadas poder\u00e3o realizar os testes. Diferentemente dos estabelecimentos comuns, tais farm\u00e1cias devem estar integradas \u00e0 rede de diagn\u00f3stico, assist\u00eancia \u00e0 sa\u00fade e vigil\u00e2ncia\u201d.<\/p>\n<p>Ainda segundo a nota, o profissional respons\u00e1vel pela testagem na farm\u00e1cia deve orientar o usu\u00e1rio sobre poss\u00edveis resultados e o que eles representam. \u201cAs d\u00favidas das pessoas devem ser acolhidas e respondidas\u201d, destacou o minist\u00e9rio.<\/p>\n<p><strong>Crian\u00e7as e adolescentes<\/strong><br \/>\nDe acordo com a normativa da Anvisa, em crian\u00e7as de at\u00e9 11 anos, a testagem e a entrega dos resultados dos exames devem ser realizadas com a presen\u00e7a dos pais ou respons\u00e1veis.<\/p>\n<p>J\u00e1 para adolescentes de 12 a 18 anos, ap\u00f3s uma avalia\u00e7\u00e3o das condi\u00e7\u00f5es de discernimento, o teste ser\u00e1 realizado segundo a vontade do usu\u00e1rio, assim como a entrega do resultado a outras pessoas.<\/p>\n<p>\u201cSe desejar, e se for constatado que est\u00e1 em condi\u00e7\u00f5es f\u00edsicas, ps\u00edquicas e emocionais de receber o resultado da triagem, a testagem poder\u00e1 ser realizada mesmo sem a presen\u00e7a dos respons\u00e1veis\u201d, destacou o minist\u00e9rio.<\/p>\n<p>\u201cRealizada anteriormente somente em laborat\u00f3rios, a amplia\u00e7\u00e3o da testagem em farm\u00e1cias tamb\u00e9m vai ao encontro dos esfor\u00e7os para a elimina\u00e7\u00e3o de infec\u00e7\u00f5es e doen\u00e7as determinadas socialmente como problemas de sa\u00fade p\u00fablica at\u00e9 2030\u201d, concluiu a pasta.<\/p>\n","protected":false},"excerpt":{"rendered":"<p>O Minist\u00e9rio da Sa\u00fade publicou nota t\u00e9cnica orientando farm\u00e1cias autorizadas sobre a realiza\u00e7\u00e3o de testes r\u00e1pidos para diagn\u00f3stico de HIV, s\u00edfilis, hepatites virais e outras infec\u00e7\u00f5es sexualmente transmiss\u00edveis (ISTs). O documento tem como base recomenda\u00e7\u00e3o da Ag\u00eancia Nacional de Vigil\u00e2ncia Sanit\u00e1ria (Anvisa) que prev\u00ea a inclus\u00e3o de farm\u00e1cias no grupo que oferta esse tipo de [&hellip;]<\/p>\n","protected":false},"author":2,"featured_media":334297,"comment_status":"closed","ping_status":"closed","sticky":false,"template":"","format":"standard","meta":{"_acf_changed":false,"footnotes":""},"categories":[165],"tags":[],"class_list":["post-334296","post","type-post","status-publish","format-standard","has-post-thumbnail","hentry","category-nordeste"],"acf":[],"_links":{"self":[{"href":"https:\/\/www.notibras.com\/site\/wp-json\/wp\/v2\/posts\/334296","targetHints":{"allow":["GET"]}}],"collection":[{"href":"https:\/\/www.notibras.com\/site\/wp-json\/wp\/v2\/posts"}],"about":[{"href":"https:\/\/www.notibras.com\/site\/wp-json\/wp\/v2\/types\/post"}],"author":[{"embeddable":true,"href":"https:\/\/www.notibras.com\/site\/wp-json\/wp\/v2\/users\/2"}],"replies":[{"embeddable":true,"href":"https:\/\/www.notibras.com\/site\/wp-json\/wp\/v2\/comments?post=334296"}],"version-history":[{"count":2,"href":"https:\/\/www.notibras.com\/site\/wp-json\/wp\/v2\/posts\/334296\/revisions"}],"predecessor-version":[{"id":334299,"href":"https:\/\/www.notibras.com\/site\/wp-json\/wp\/v2\/posts\/334296\/revisions\/334299"}],"wp:featuredmedia":[{"embeddable":true,"href":"https:\/\/www.notibras.com\/site\/wp-json\/wp\/v2\/media\/334297"}],"wp:attachment":[{"href":"https:\/\/www.notibras.com\/site\/wp-json\/wp\/v2\/media?parent=334296"}],"wp:term":[{"taxonomy":"category","embeddable":true,"href":"https:\/\/www.notibras.com\/site\/wp-json\/wp\/v2\/categories?post=334296"},{"taxonomy":"post_tag","embeddable":true,"href":"https:\/\/www.notibras.com\/site\/wp-json\/wp\/v2\/tags?post=334296"}],"curies":[{"name":"wp","href":"https:\/\/api.w.org\/{rel}","templated":true}]}}