{"id":334311,"date":"2024-08-10T00:00:53","date_gmt":"2024-08-10T03:00:53","guid":{"rendered":"https:\/\/www.notibras.com\/site\/?p=334311"},"modified":"2024-08-10T08:17:37","modified_gmt":"2024-08-10T11:17:37","slug":"cara-nova-retira-733-toneladas-de-entulho-em-planaltina","status":"publish","type":"post","link":"https:\/\/www.notibras.com\/site\/cara-nova-retira-733-toneladas-de-entulho-em-planaltina\/","title":{"rendered":"&#8216;Cara Nova&#8217; retira 733 toneladas de entulho em Planaltina"},"content":{"rendered":"<p>Um ponto cr\u00edtico de descarte irregular de lixo e entulhos em Planaltina passou por uma limpeza. Nesta sexta-feira (9), o projeto De Cara Nova retirou 733 toneladas de entulhos da \u00e1rea, que fica na Esta\u00e7\u00e3o Ecol\u00f3gica \u00c1guas Emendadas (ESECAE), entrada 13, pr\u00f3ximo ao Condom\u00ednio Mestre D\u2019Armas. A a\u00e7\u00e3o j\u00e1 havia sido realizada neste local em dezembro de 2023.<\/p>\n<p>Na opera\u00e7\u00e3o, 1.400 pneus velhos foram transformados em carrinhos, mesas e banquinhos para o lazer e o descanso da popula\u00e7\u00e3o e dos alunos da escola pr\u00f3xima ao ponto. Tamb\u00e9m foram plantadas 150 mudas de plantas nativas do cerrado e 200 mudas de flores.<\/p>\n<p>\u201cEsse local vai se transformar, provavelmente, em uma \u00e1rea de lazer para as crian\u00e7as da escola que fica aqui ao lado. \u00c9 importante a popula\u00e7\u00e3o entender que n\u00f3s j\u00e1 temos aqui em Planaltina um papa-entulho que \u00e9 o lugar correto para o descarte de restos de obras, volumosos, podas e recicl\u00e1veis. Agrade\u00e7o a todos os envolvidos na constru\u00e7\u00e3o desse espa\u00e7o, preservando um manancial important\u00edssimo para a popula\u00e7\u00e3o e para Bras\u00edlia que \u00e9 a Esta\u00e7\u00e3o \u00c1guas Emendadas\u201d, enfatizou o diretor-presidente do SLU, Luiz Felipe Cardoso.<\/p>\n<p>O administrador regional de Planaltina, Wesley Fonseca Fraga, elogiou a atua\u00e7\u00e3o do SLU. \u201cA iniciativa teve total apoio da administra\u00e7\u00e3o, da Secretaria do Meio Ambiente e Prote\u00e7\u00e3o Animal, e do Instituto Bras\u00edlia Ambiental. Todos os \u00f3rg\u00e3os do GDF est\u00e3o reunidos para que a popula\u00e7\u00e3o aprenda a n\u00e3o jogar lixo em local p\u00fablico. O De Cara Nova traz dignidade para a popula\u00e7\u00e3o, um ambiente mais limpo e agrad\u00e1vel para todos\u201d, destacou.<\/p>\n<p>J\u00e1 o presidente do Bras\u00edlia Ambiental, R\u00f4ney Nemer, ressaltou a import\u00e2ncia da iniciativa. \u201cA\u00e7\u00f5es como essa s\u00e3o fundamentais para a revers\u00e3o de situa\u00e7\u00f5es que degradam o meio ambiente. Projetos como o De Cara Nova devem ser apoiados e multiplicados, em especial nessa \u00e1rea que \u00e9 zona de amortecimento da Esta\u00e7\u00e3o Ecol\u00f3gica de \u00c1guas Emendadas, que acabava sendo afetada pelo fogo que era ateado ao lixo aqui\u201d, destacou.<\/p>\n<p><strong>O De Cara Nova<\/strong><br \/>\nO projeto visa \u00e0 remo\u00e7\u00e3o dos res\u00edduos, a reforma do espa\u00e7o com plantio de mudas e sinaliza\u00e7\u00f5es educativas com placas orientando sobre as penalidades e o local correto para o descarte de lixo. As equipes de mobiliza\u00e7\u00e3o do SLU tamb\u00e9m est\u00e3o nas ruas de Planaltina orientando sobre o correto descarte dos res\u00edduos, inclusive sobre o papa-entulho instalado na regi\u00e3o e os seus benef\u00edcios.<\/p>\n<p>A iniciativa do SLU teve in\u00edcio em janeiro do ano passado e j\u00e1 passou por v\u00e1rias regi\u00f5es do Distrito Federal. At\u00e9 o momento, j\u00e1 foram retiradas mais de quatro mil toneladas de entulhos de diversos pontos de descarte irregular de res\u00edduos.<\/p>\n","protected":false},"excerpt":{"rendered":"<p>Um ponto cr\u00edtico de descarte irregular de lixo e entulhos em Planaltina passou por uma limpeza. Nesta sexta-feira (9), o projeto De Cara Nova retirou 733 toneladas de entulhos da \u00e1rea, que fica na Esta\u00e7\u00e3o Ecol\u00f3gica \u00c1guas Emendadas (ESECAE), entrada 13, pr\u00f3ximo ao Condom\u00ednio Mestre D\u2019Armas. A a\u00e7\u00e3o j\u00e1 havia sido realizada neste local em [&hellip;]<\/p>\n","protected":false},"author":2,"featured_media":334312,"comment_status":"closed","ping_status":"closed","sticky":false,"template":"","format":"standard","meta":{"_acf_changed":false,"footnotes":""},"categories":[161],"tags":[],"class_list":["post-334311","post","type-post","status-publish","format-standard","has-post-thumbnail","hentry","category-quadradinho-em-foco"],"acf":[],"_links":{"self":[{"href":"https:\/\/www.notibras.com\/site\/wp-json\/wp\/v2\/posts\/334311","targetHints":{"allow":["GET"]}}],"collection":[{"href":"https:\/\/www.notibras.com\/site\/wp-json\/wp\/v2\/posts"}],"about":[{"href":"https:\/\/www.notibras.com\/site\/wp-json\/wp\/v2\/types\/post"}],"author":[{"embeddable":true,"href":"https:\/\/www.notibras.com\/site\/wp-json\/wp\/v2\/users\/2"}],"replies":[{"embeddable":true,"href":"https:\/\/www.notibras.com\/site\/wp-json\/wp\/v2\/comments?post=334311"}],"version-history":[{"count":1,"href":"https:\/\/www.notibras.com\/site\/wp-json\/wp\/v2\/posts\/334311\/revisions"}],"predecessor-version":[{"id":334313,"href":"https:\/\/www.notibras.com\/site\/wp-json\/wp\/v2\/posts\/334311\/revisions\/334313"}],"wp:featuredmedia":[{"embeddable":true,"href":"https:\/\/www.notibras.com\/site\/wp-json\/wp\/v2\/media\/334312"}],"wp:attachment":[{"href":"https:\/\/www.notibras.com\/site\/wp-json\/wp\/v2\/media?parent=334311"}],"wp:term":[{"taxonomy":"category","embeddable":true,"href":"https:\/\/www.notibras.com\/site\/wp-json\/wp\/v2\/categories?post=334311"},{"taxonomy":"post_tag","embeddable":true,"href":"https:\/\/www.notibras.com\/site\/wp-json\/wp\/v2\/tags?post=334311"}],"curies":[{"name":"wp","href":"https:\/\/api.w.org\/{rel}","templated":true}]}}