{"id":334314,"date":"2024-08-10T00:00:15","date_gmt":"2024-08-10T03:00:15","guid":{"rendered":"https:\/\/www.notibras.com\/site\/?p=334314"},"modified":"2024-08-10T08:24:57","modified_gmt":"2024-08-10T11:24:57","slug":"espaco-cultural-renato-russo-celebra-50-anos","status":"publish","type":"post","link":"https:\/\/www.notibras.com\/site\/espaco-cultural-renato-russo-celebra-50-anos\/","title":{"rendered":"Espa\u00e7o Cultural Renato Russo celebra 50 anos"},"content":{"rendered":"<p>A hist\u00f3ria da cultura brasiliense \u00e9 indissoci\u00e1vel do Espa\u00e7o Cultural Renato Russo. Desde sua cria\u00e7\u00e3o, ainda como Teatro Galp\u00e3o, o equipamento localizado no cora\u00e7\u00e3o da W3 Sul \u2014 um dos endere\u00e7os mais nobres nos primeiros anos da capital \u2014 foi palco para importantes nomes nascidos aqui. Entre tantos, \u00e9 poss\u00edvel mencionar C\u00e1ssia Eller, Hugo Rodas, Alexandre Ribondi e o pr\u00f3prio Renato Russo, que hoje d\u00e1 nome ao local.<\/p>\n<p>Era de se esperar, portanto, que os 50 anos do espa\u00e7o fossem comemorados com grande festa. Desta sexta-feira (9) at\u00e9 o outro domingo (18), o local recebe uma extensa programa\u00e7\u00e3o que promover\u00e1 o encontro de artistas consagrados e de novos talentos, contemplando diferentes segmentos art\u00edsticos, como teatro, m\u00fasica, cinema, dan\u00e7a e artes visuais.<\/p>\n<p>\u201cN\u00f3s planejamos uma programa\u00e7\u00e3o \u00e0 altura da import\u00e2ncia que tem o complexo. S\u00e3o muitos eventos de v\u00e1rias linguagens art\u00edsticas, todos os eventos s\u00e3o gratuitos exatamente porque o Espa\u00e7o Cultural Renato Russo \u00e9 um espa\u00e7o interdisciplinar, ele \u00e9 transversal, caminha por todas as linguagens art\u00edsticas. Ent\u00e3o, a gente quis que as comemora\u00e7\u00f5es tamb\u00e9m seguissem nessa linha. Ou seja, atra\u00edssem todo tipo de p\u00fablico, de todas as idades, de todos os lugares do DF, j\u00e1 que aqui \u00e9 um lugar central. Para n\u00f3s, isso \u00e9 muito importante\u201d, destacou Felipe Ram\u00f3n, subsecret\u00e1rio do Patrim\u00f4nio Cultural da Secretaria de Cultura e Economia Criativa.<\/p>\n<p>\u201cMeu come\u00e7o na m\u00fasica foi aqui e hoje estou podendo contribuir para a organiza\u00e7\u00e3o que um espa\u00e7o que, coletivamente, pode trazer momentos de alegria e de conhecimento para muitas pessoas\u201d, diz a aposentada e arteterapeuta Patr\u00edcia Beutel<\/p>\n<p>Inaugurado em 1974 como Teatro Galp\u00e3o \u2014 em alus\u00e3o \u00e0 fun\u00e7\u00e3o anterior do local, que era um dep\u00f3sito \u2014, o complexo foi ganhando novas salas ao longo do tempo e passou a se chamar Espa\u00e7o Cultural 508 Sul. Em 1999, em meio \u00e0s comemora\u00e7\u00f5es pelos 25 anos, recebeu o nome do ex-vocalista da Legi\u00e3o Urbana.<\/p>\n<p>Entre os destaques da programa\u00e7\u00e3o de 50 anos, est\u00e3o um concerto da Orquestra Filarm\u00f4nica de Bras\u00edlia, \u00e0s 20h desta sexta; a abertura da Mostra de Cinema Olhares sobre Bras\u00edlia, \u00e0s 18h de s\u00e1bado (10); o concerto Palha\u00e7aria para beb\u00eas, \u00e0s 11h do domingo (11); performances de dan\u00e7a na segunda (12) a sexta-feira (16), sempre \u00e0s 18h40; show com Philippe Seabra e Distintos Filhos a partir das 20h30 do s\u00e1bado (17); e, no encerramento, a partir das 18h de domingo (18), o Baile 50 Anos, com Ricardo Lira e C\u00e9lia Rabelo e banda.<\/p>\n<p>Al\u00e9m das apresenta\u00e7\u00f5es, como parte da comemora\u00e7\u00f5es pelo cinquenten\u00e1rio, o Espa\u00e7o Cultural tamb\u00e9m ganhou uma Musiteca, batizada com o nome do m\u00fasico, compositor e professor da Universidade de Bras\u00edlia (UnB) Clodo Ferreira, que morreu em julho deste ano. A nova \u00e1rea se somar\u00e1, em acervo e homenagens, \u00e0 gibiteca TT Catal\u00e3o \u2014 terceira maior do pa\u00eds) \u2014 e ao Teatro Galp\u00e3o Hugo Rodas.<\/p>\n<p>\u201cO Espa\u00e7o Cultural \u00e9 multidisciplinar, mas ele traz em seu nome uma homenagem muito importante que \u00e9 ao Renato Russo. A voca\u00e7\u00e3o para a m\u00fasica est\u00e1 no DNA do espa\u00e7o e a gente sentia falta de que esse arquivo musical pudesse ser disponibilizado tamb\u00e9m para o p\u00fablico. Ent\u00e3o, n\u00f3s estamos criando aqui a Musiteca, em homenagem tamb\u00e9m ao Clodo, que foi um grande artista, um \u2018oper\u00e1rio\u2019 da cultura do DF\u201d, apontou o subsecret\u00e1rio.<\/p>\n<p>Atenta \u00e0 programa\u00e7\u00e3o dos 50 anos, a aposentada e arteterapeuta Patr\u00edcia Beutel foi uma das respons\u00e1veis pela organiza\u00e7\u00e3o da Musiteca. Uma forma, segundo ela, de contribuir com o Espa\u00e7o Cultural, com o qual guarda uma liga\u00e7\u00e3o afetiva.<\/p>\n<p>\u201cFrequentei muito aqui na minha adolesc\u00eancia, porque eu sou flautista e toquei em muitas pe\u00e7as de teatro e em shows aqui no Galp\u00e3o e no Galp\u00e3ozinho. Atualmente, sou volunt\u00e1ria e ajudei a organizar o acervo junto com os bibliotec\u00e1rios\u201d, contou. \u201cVivi muitas coisas legais, meu come\u00e7o na m\u00fasica foi aqui e hoje estou podendo contribuir para a organiza\u00e7\u00e3o que um espa\u00e7o que, coletivamente, pode trazer momentos de alegria e de conhecimento para muitas pessoas\u201d, arrematou.<\/p>\n","protected":false},"excerpt":{"rendered":"<p>A hist\u00f3ria da cultura brasiliense \u00e9 indissoci\u00e1vel do Espa\u00e7o Cultural Renato Russo. Desde sua cria\u00e7\u00e3o, ainda como Teatro Galp\u00e3o, o equipamento localizado no cora\u00e7\u00e3o da W3 Sul \u2014 um dos endere\u00e7os mais nobres nos primeiros anos da capital \u2014 foi palco para importantes nomes nascidos aqui. Entre tantos, \u00e9 poss\u00edvel mencionar C\u00e1ssia Eller, Hugo Rodas, [&hellip;]<\/p>\n","protected":false},"author":2,"featured_media":334315,"comment_status":"closed","ping_status":"closed","sticky":false,"template":"","format":"standard","meta":{"_acf_changed":false,"footnotes":""},"categories":[161],"tags":[],"class_list":["post-334314","post","type-post","status-publish","format-standard","has-post-thumbnail","hentry","category-quadradinho-em-foco"],"acf":[],"_links":{"self":[{"href":"https:\/\/www.notibras.com\/site\/wp-json\/wp\/v2\/posts\/334314","targetHints":{"allow":["GET"]}}],"collection":[{"href":"https:\/\/www.notibras.com\/site\/wp-json\/wp\/v2\/posts"}],"about":[{"href":"https:\/\/www.notibras.com\/site\/wp-json\/wp\/v2\/types\/post"}],"author":[{"embeddable":true,"href":"https:\/\/www.notibras.com\/site\/wp-json\/wp\/v2\/users\/2"}],"replies":[{"embeddable":true,"href":"https:\/\/www.notibras.com\/site\/wp-json\/wp\/v2\/comments?post=334314"}],"version-history":[{"count":1,"href":"https:\/\/www.notibras.com\/site\/wp-json\/wp\/v2\/posts\/334314\/revisions"}],"predecessor-version":[{"id":334316,"href":"https:\/\/www.notibras.com\/site\/wp-json\/wp\/v2\/posts\/334314\/revisions\/334316"}],"wp:featuredmedia":[{"embeddable":true,"href":"https:\/\/www.notibras.com\/site\/wp-json\/wp\/v2\/media\/334315"}],"wp:attachment":[{"href":"https:\/\/www.notibras.com\/site\/wp-json\/wp\/v2\/media?parent=334314"}],"wp:term":[{"taxonomy":"category","embeddable":true,"href":"https:\/\/www.notibras.com\/site\/wp-json\/wp\/v2\/categories?post=334314"},{"taxonomy":"post_tag","embeddable":true,"href":"https:\/\/www.notibras.com\/site\/wp-json\/wp\/v2\/tags?post=334314"}],"curies":[{"name":"wp","href":"https:\/\/api.w.org\/{rel}","templated":true}]}}