{"id":334324,"date":"2024-08-10T11:00:30","date_gmt":"2024-08-10T14:00:30","guid":{"rendered":"https:\/\/www.notibras.com\/site\/?p=334324"},"modified":"2024-08-10T11:00:30","modified_gmt":"2024-08-10T14:00:30","slug":"luciano-e-bom-crush-mas-acima-dele-esta-a-brahma","status":"publish","type":"post","link":"https:\/\/www.notibras.com\/site\/luciano-e-bom-crush-mas-acima-dele-esta-a-brahma\/","title":{"rendered":"Luciano \u00e9 bom crush, mas acima dele est\u00e1 a brahma"},"content":{"rendered":"<p>N\u00e3o sei voc\u00ea, mas o meu padrinho faz misto-quente toda vez que o visito. Desculpe a\u00ed, mas o Celso (esse \u00e9 o seu nome) me trata muito bem! Na verdade, ele at\u00e9 batizou um outro a\u00ed, mas eu sou, de acordo com as palavras dele, o afilhado preferido!<\/p>\n<p>O meu padrinho \u00e9 casado com a Marilda, ou melhor, Mariiiiiiilllllllllllllllllllda, pois \u00e9 assim que ele a chama. De tanto ouvi-lo chamar pela minha amada madrinha, confesso que at\u00e9 hoje sempre a chamo assim. Obviamente, ela tamb\u00e9m diz que eu sou o afilhado predileto, apesar daquele outro, que nem vou falar que se chama Luciano.<\/p>\n<p>O Celso \u00e9 um cara bem brincalh\u00e3o, al\u00e9m de ter umas frases que, de vez em quando, replico para algum amigo: &#8220;Me d\u00e1 balinha Juquinha pra eu acreditar!&#8221;, &#8220;Conte-me tudo, n\u00e3o me esconda nada!&#8221; Ah, ele tamb\u00e9m gosta de me mostrar o &#8220;s\u00edtio&#8221; dele, que nada mais \u00e9 que o seu quintal, que deve ter infind\u00e1veis 600 metros quadrados.<\/p>\n<p>Al\u00e9m disso, como a irm\u00e3 da minha madrinha, a Marlene, mora ao lado, o Celso resolveu fazer uma porta entre os dois terrenos. Por isso, n\u00e3o \u00e9 dif\u00edcil v\u00ea-lo gritar um &#8220;Ei, comadre!&#8221; Pois \u00e9, pelo visto, voc\u00ea j\u00e1 deve ter percebido que aquele outro, o tal Luciano, \u00e9 filho da vizinha.<\/p>\n<p>A Marilda adora os animais. Ela sempre est\u00e1 cuidando de algum passarinho, um mico ou at\u00e9 mesmo um gamb\u00e1 que apare\u00e7a no s\u00edtio. Todos eles acabam recebendo um nome. Dessa forma, n\u00e3o \u00e9 raro ela me mandar mensagens falando sobre o Gasolina, que \u00e9 um dos micos que habita o latif\u00fandio dos meus padrinhos.<\/p>\n<p>Isso, ali\u00e1s, \u00e9 algo que nos faz ainda mais pr\u00f3ximos, mesmo que a gente n\u00e3o more t\u00e3o perto. \u00c9 que eu sou veterin\u00e1rio, provavelmente influenciado por ela. Coitado do Luciano! Fico at\u00e9 com pena dele, pois eu sou o afilhado mais querido dos meus padrinhos!<\/p>\n<p><strong>*Eduardo Mart\u00ednez \u00e9 autor do livro \u201c57 Contos e Cr\u00f4nicas por um Autor muito Velho\u201d.<\/strong><\/p>\n<p>Compre aqui\u00a0<span class=\"x19la9d6 x1fc57z9 x6ikm8r x10wlt62 x19co3pv x1g5zs5t xfibh0p xiy17q3 x1xsqp64 x1lkfr7t xexx8yu x4uap5 x18d9i69 xkhd6sd\"><span class=\"xrtxmta x1bhl96m\"><img decoding=\"async\" class=\"emoji\" role=\"img\" draggable=\"false\" src=\"https:\/\/s.w.org\/images\/core\/emoji\/14.0.0\/svg\/1f447-1f3ff.svg\" alt=\"&#x1f447;&#x1f3ff;\" \/><\/span><\/span><span class=\"x19la9d6 x1fc57z9 x6ikm8r x10wlt62 x19co3pv x1g5zs5t xfibh0p xiy17q3 x1xsqp64 x1lkfr7t xexx8yu x4uap5 x18d9i69 xkhd6sd\"><span class=\"xrtxmta x1bhl96m\"><img decoding=\"async\" class=\"emoji\" role=\"img\" draggable=\"false\" src=\"https:\/\/s.w.org\/images\/core\/emoji\/14.0.0\/svg\/1f447-1f3ff.svg\" alt=\"&#x1f447;&#x1f3ff;\" \/><\/span><\/span><span class=\"x19la9d6 x1fc57z9 x6ikm8r x10wlt62 x19co3pv x1g5zs5t xfibh0p xiy17q3 x1xsqp64 x1lkfr7t xexx8yu x4uap5 x18d9i69 xkhd6sd\"><span class=\"xrtxmta x1bhl96m\"><img decoding=\"async\" class=\"emoji\" role=\"img\" draggable=\"false\" src=\"https:\/\/s.w.org\/images\/core\/emoji\/14.0.0\/svg\/1f447-1f3ff.svg\" alt=\"&#x1f447;&#x1f3ff;\" \/><\/span><\/span><\/p>\n<p><a href=\"http:\/\/www.joanineditora.com.br\/57-contos-e-cronicas-por-um-autor-muito-velho\">http:\/\/www.joanineditora.com.br\/57-contos-e-cronicas-por-um-autor-muito-velho<\/a><\/p>\n","protected":false},"excerpt":{"rendered":"<p>N\u00e3o sei voc\u00ea, mas o meu padrinho faz misto-quente toda vez que o visito. Desculpe a\u00ed, mas o Celso (esse \u00e9 o seu nome) me trata muito bem! Na verdade, ele at\u00e9 batizou um outro a\u00ed, mas eu sou, de acordo com as palavras dele, o afilhado preferido! O meu padrinho \u00e9 casado com a [&hellip;]<\/p>\n","protected":false},"author":2,"featured_media":334325,"comment_status":"closed","ping_status":"closed","sticky":false,"template":"","format":"standard","meta":{"_acf_changed":false,"footnotes":""},"categories":[161],"tags":[],"class_list":["post-334324","post","type-post","status-publish","format-standard","has-post-thumbnail","hentry","category-quadradinho-em-foco"],"acf":[],"_links":{"self":[{"href":"https:\/\/www.notibras.com\/site\/wp-json\/wp\/v2\/posts\/334324","targetHints":{"allow":["GET"]}}],"collection":[{"href":"https:\/\/www.notibras.com\/site\/wp-json\/wp\/v2\/posts"}],"about":[{"href":"https:\/\/www.notibras.com\/site\/wp-json\/wp\/v2\/types\/post"}],"author":[{"embeddable":true,"href":"https:\/\/www.notibras.com\/site\/wp-json\/wp\/v2\/users\/2"}],"replies":[{"embeddable":true,"href":"https:\/\/www.notibras.com\/site\/wp-json\/wp\/v2\/comments?post=334324"}],"version-history":[{"count":1,"href":"https:\/\/www.notibras.com\/site\/wp-json\/wp\/v2\/posts\/334324\/revisions"}],"predecessor-version":[{"id":334326,"href":"https:\/\/www.notibras.com\/site\/wp-json\/wp\/v2\/posts\/334324\/revisions\/334326"}],"wp:featuredmedia":[{"embeddable":true,"href":"https:\/\/www.notibras.com\/site\/wp-json\/wp\/v2\/media\/334325"}],"wp:attachment":[{"href":"https:\/\/www.notibras.com\/site\/wp-json\/wp\/v2\/media?parent=334324"}],"wp:term":[{"taxonomy":"category","embeddable":true,"href":"https:\/\/www.notibras.com\/site\/wp-json\/wp\/v2\/categories?post=334324"},{"taxonomy":"post_tag","embeddable":true,"href":"https:\/\/www.notibras.com\/site\/wp-json\/wp\/v2\/tags?post=334324"}],"curies":[{"name":"wp","href":"https:\/\/api.w.org\/{rel}","templated":true}]}}