{"id":334346,"date":"2024-08-10T16:27:30","date_gmt":"2024-08-10T19:27:30","guid":{"rendered":"https:\/\/www.notibras.com\/site\/?p=334346"},"modified":"2024-08-10T16:27:30","modified_gmt":"2024-08-10T19:27:30","slug":"leo-lopes-pode-surgir-como-sucessor-de-eric-gustavo","status":"publish","type":"post","link":"https:\/\/www.notibras.com\/site\/leo-lopes-pode-surgir-como-sucessor-de-eric-gustavo\/","title":{"rendered":"Leo Lopes pode surgir como sucessor de Eric Gustavo"},"content":{"rendered":"<p>Esses dias friorentos, com sol acanhado no C\u00e9u de Bras\u00edlia, est\u00e3o servindo para alimentar nos bastidores jur\u00eddicos o lan\u00e7amento da campanha de Leonardo Lopes \u00e0 presid\u00eancia da subse\u00e7\u00e3o da OAB em \u00c1guas Claras. Renomado, ele \u00e9. E a hora de dar um passo adiante para enriquecer seu curr\u00edculo, chegou. \u00c9 o que sustentam seus colegas de profiss\u00e3o.<\/p>\n<p>Se aceitar concorrer, como querem seus amigos, Leo agir\u00e1 n\u00e3o por ambi\u00e7\u00e3o &#8211; aquele desejo que se observa na aura de muita gente -, mas por um senso de dever. Sua miss\u00e3o, sendo eleito, ser\u00e1 contribuir para a transforma\u00e7\u00e3o da subse\u00e7\u00e3o da Ordem dos Advogados do Brasil na regi\u00e3o administrativa que o abra\u00e7ou desde o ber\u00e7o.<\/p>\n<p>Leonardo Lopes come\u00e7a a analisar a ideia com carinho. Com seu terno sempre bem alinhado, com a mente tranquila, ele j\u00e1 esbo\u00e7a, revelam seus amigos pr\u00f3ximos, o que seria sua plataforma de campanha.<\/p>\n<p>O rascunho, sintetizado, vem com clareza. &#8220;\u00c9 necess\u00e1rio um espa\u00e7o mais acolhedor e acess\u00edvel para os advogados&#8221;, imagina, ao tempo em que defende uma sede onde a troca de experi\u00eancias seja incentivada, onde os jovens advogados possam encontrar mentores que os ajudem a enfrentar os desafios do in\u00edcio de carreira.<\/p>\n<p>Isso porque, Leonardo sabe, a advocacia em \u00c1guas Claras, embora bem encaminhada por Eric Gustavo, ainda enfrenta muitos desafios, principalmente em raz\u00e3o da crescente demanda por tecnologia e inova\u00e7\u00e3o.<\/p>\n<p>&#8220;Precisamos de uma subse\u00e7\u00e3o que esteja \u00e0 altura dos novos tempos&#8221;, teria dito Leonardo a um interlocutor que o incentiva a abra\u00e7ar a candidatura. pensou alto, enquanto rabiscava no canto da folha a palavra &#8216;digitaliza\u00e7\u00e3o&#8217;. Nesse sentindo, ele cogitaria aprimorar o campo virtual para facilitar consultas jur\u00eddicas e troca de informa\u00e7\u00f5es. Em s\u00edntese, algo que aproxime os advogados e torne o dever da profiss\u00e3o mais \u00e1gil. At\u00e9 porque, em tempos de IA e chatbots, a advocacia n\u00e3o pode ficar para tr\u00e1s.<\/p>\n<p>Mas n\u00e3o seria apenas essa a prioridade de Leo. Ele entende como fundamental o resgate de valores que, no seu entendimento, s\u00e3o fundamentais na pr\u00e1tica do Direito: a \u00e9tica e a responsabilidade social.<\/p>\n<p>&#8220;Temos que ser a voz dos que n\u00e3o t\u00eam voz&#8221;, pontua, segundo vers\u00e3o comentada por um dos seus interlocutores, lembrando dos muitos casos em que advogados fizeram a diferen\u00e7a na vida das pessoas, n\u00e3o apenas dentro das salas de audi\u00eancias, mas tamb\u00e9m nas ruas, lutando por direitos b\u00e1sicos.<\/p>\n<p>O que mais incentiva Leonardo a enfrentar uma eventual disputa contra verdes e azuis \u00e9 dar continuidade \u00e0 a\u00e7\u00e3o de de Eric Gustavo, atual presidente da subse\u00e7\u00e3o, de valoriza\u00e7\u00e3o da advocacia local. &#8220;Precisamos promover eventos que destaquem a qualidade dos profissionais da regi\u00e3o&#8221;, sugere, conhecedor que \u00e9 que \u00c1guas Claras tem um grande potencial, com advogados talentosos que muitas vezes, por\u00e9m, s\u00e3o ofuscados pela proximidade com o Plano Piloto, onde est\u00e3o instaladas as maiores bancas da capital da Rep\u00fablica.<\/p>\n<p>O certo, hoje &#8211; conforme foi dito em tom de confid\u00eancia a <strong>Notibras<\/strong> &#8211; \u00e9 que Leonardo Lopes j\u00e1 olha para o horizonte, onde as torres dos pr\u00e9dios altos de \u00c1guas Claras se perdem entre as nuvens. Leo reconhece que se sair candidato a campanha n\u00e3o ser\u00e1 f\u00e1cil, porque, como ele, h\u00e1 candidatos do outro lado com pr\u00f3prias ideias, outras promessas. Mas, observa um dos seus incentivadores, o mais importante \u00e9 que sua plataforma reflita uma advocacia que seja mais do que uma profiss\u00e3o.<\/p>\n<p>Em outras palavras, uma miss\u00e3o. E isso, decididamente &#8211; diz quem conhece Leonardo Lopes &#8211; ele cumpre com determina\u00e7\u00e3o e prazer, iluminando o futuro com a for\u00e7a de um farol que aponta para o caminho da \u00e9tica e compromisso com a sociedade.<\/p>\n","protected":false},"excerpt":{"rendered":"<p>Esses dias friorentos, com sol acanhado no C\u00e9u de Bras\u00edlia, est\u00e3o servindo para alimentar nos bastidores jur\u00eddicos o lan\u00e7amento da campanha de Leonardo Lopes \u00e0 presid\u00eancia da subse\u00e7\u00e3o da OAB em \u00c1guas Claras. Renomado, ele \u00e9. E a hora de dar um passo adiante para enriquecer seu curr\u00edculo, chegou. \u00c9 o que sustentam seus colegas [&hellip;]<\/p>\n","protected":false},"author":2,"featured_media":334347,"comment_status":"closed","ping_status":"closed","sticky":false,"template":"","format":"standard","meta":{"_acf_changed":false,"footnotes":""},"categories":[161],"tags":[],"class_list":["post-334346","post","type-post","status-publish","format-standard","has-post-thumbnail","hentry","category-quadradinho-em-foco"],"acf":[],"_links":{"self":[{"href":"https:\/\/www.notibras.com\/site\/wp-json\/wp\/v2\/posts\/334346","targetHints":{"allow":["GET"]}}],"collection":[{"href":"https:\/\/www.notibras.com\/site\/wp-json\/wp\/v2\/posts"}],"about":[{"href":"https:\/\/www.notibras.com\/site\/wp-json\/wp\/v2\/types\/post"}],"author":[{"embeddable":true,"href":"https:\/\/www.notibras.com\/site\/wp-json\/wp\/v2\/users\/2"}],"replies":[{"embeddable":true,"href":"https:\/\/www.notibras.com\/site\/wp-json\/wp\/v2\/comments?post=334346"}],"version-history":[{"count":1,"href":"https:\/\/www.notibras.com\/site\/wp-json\/wp\/v2\/posts\/334346\/revisions"}],"predecessor-version":[{"id":334348,"href":"https:\/\/www.notibras.com\/site\/wp-json\/wp\/v2\/posts\/334346\/revisions\/334348"}],"wp:featuredmedia":[{"embeddable":true,"href":"https:\/\/www.notibras.com\/site\/wp-json\/wp\/v2\/media\/334347"}],"wp:attachment":[{"href":"https:\/\/www.notibras.com\/site\/wp-json\/wp\/v2\/media?parent=334346"}],"wp:term":[{"taxonomy":"category","embeddable":true,"href":"https:\/\/www.notibras.com\/site\/wp-json\/wp\/v2\/categories?post=334346"},{"taxonomy":"post_tag","embeddable":true,"href":"https:\/\/www.notibras.com\/site\/wp-json\/wp\/v2\/tags?post=334346"}],"curies":[{"name":"wp","href":"https:\/\/api.w.org\/{rel}","templated":true}]}}