{"id":334353,"date":"2024-08-11T07:37:05","date_gmt":"2024-08-11T10:37:05","guid":{"rendered":"https:\/\/www.notibras.com\/site\/?p=334353"},"modified":"2024-08-11T07:37:05","modified_gmt":"2024-08-11T10:37:05","slug":"flavia-usa-toque-de-magia-para-adocicar-almas","status":"publish","type":"post","link":"https:\/\/www.notibras.com\/site\/flavia-usa-toque-de-magia-para-adocicar-almas\/","title":{"rendered":"Fl\u00e1via usa toque de magia para adocicar almas"},"content":{"rendered":"<p>Fl\u00e1via n\u00e3o \u00e9 do tipo que se sente \u00e0 vontade com o t\u00edtulo de \u201cex\u201d qualquer coisa. Para ela, por exemplo, n\u00e3o existe \u201cex-dona de padaria\u201d. Afinal, mesmo sem o balc\u00e3o de m\u00e1rmore onde descansavam sonhos recheados de doce de leite, ou a vitrine que exibia p\u00e3es frescos como trof\u00e9us dourados, ela continua a ser a mestra dos sabores, a alquimista da farinha e do a\u00e7\u00facar. Ela \u00e9, em ess\u00eancia, uma padeira de alma.<\/p>\n<p>Para este domingo, dia dos pais, observava-se, desde a v\u00e9spera, que a casa de Fl\u00e1via se transformava. A mesa, grande o suficiente para abrigar filhos, netos, e at\u00e9 vizinhos intrometidos, se enchia de pratos e mais pratos. A cada ano, as guloseimas parecem mais numerosas, mais elaboradas, como se Fl\u00e1via quisesse que todos levassem um peda\u00e7o de sua hist\u00f3ria, uma fatia de suas mem\u00f3rias.<\/p>\n<p>J\u00e1 no s\u00e1bado, logo cedo, as panelas e batedeiras come\u00e7aram a trabalhar, ritmadas pela m\u00e3o experiente da esposa, m\u00e3e e av\u00f3 que, com um sorriso leve nos l\u00e1bios, faz quest\u00e3o de recriar receitas antigas e inventar novas. Entre uma fornada e outra, ela cuida dos detalhes, imaginando a rea\u00e7\u00e3o dos netos ao provar a cuca de uva, ou como os filhos se deliciariam com as rabanadas fritas na hora, com um bolo de chocolate adornado de morangos&#8230;<\/p>\n<p>No fundo, Fl\u00e1via sabe que o verdadeiro presente do dia n\u00e3o est\u00e1 nos pacotes embrulhados, mas nas iguarias cuidadosamente preparadas, ado\u00e7adas com afeto, com um aroma que se espalha levado pela brisa vinda do mar. Seus doces s\u00e3o mais que sobremesas; representam lembran\u00e7as que se repetem a cada ano, mas que nunca perdem o sabor de novidade.<\/p>\n<p>Quando a fam\u00edlia finalmente se reunir logo mais em volta da mesa, o aroma de canela e a\u00e7\u00facar vai invadir o ambiente. Todos sabem que ali, mais do que os presentes, mais do que as palavras ditas nos discursos emocionados, o que importar\u00e1 de verdade ser\u00e1 o gesto simples e profundo de compartilhar um peda\u00e7o de bolo, uma colherada de pudim. Tudo pelas m\u00e3os de Fl\u00e1via, esposa, m\u00e3e e av\u00f3, que com cada guloseima deposita amor nas bocas e nos cora\u00e7\u00f5es de sua fam\u00edlia. E, claro, da vizinhan\u00e7a enxerida.<\/p>\n","protected":false},"excerpt":{"rendered":"<p>Fl\u00e1via n\u00e3o \u00e9 do tipo que se sente \u00e0 vontade com o t\u00edtulo de \u201cex\u201d qualquer coisa. Para ela, por exemplo, n\u00e3o existe \u201cex-dona de padaria\u201d. Afinal, mesmo sem o balc\u00e3o de m\u00e1rmore onde descansavam sonhos recheados de doce de leite, ou a vitrine que exibia p\u00e3es frescos como trof\u00e9us dourados, ela continua a ser [&hellip;]<\/p>\n","protected":false},"author":2,"featured_media":334354,"comment_status":"closed","ping_status":"closed","sticky":false,"template":"","format":"standard","meta":{"_acf_changed":false,"footnotes":""},"categories":[165],"tags":[],"class_list":["post-334353","post","type-post","status-publish","format-standard","has-post-thumbnail","hentry","category-nordeste"],"acf":[],"_links":{"self":[{"href":"https:\/\/www.notibras.com\/site\/wp-json\/wp\/v2\/posts\/334353","targetHints":{"allow":["GET"]}}],"collection":[{"href":"https:\/\/www.notibras.com\/site\/wp-json\/wp\/v2\/posts"}],"about":[{"href":"https:\/\/www.notibras.com\/site\/wp-json\/wp\/v2\/types\/post"}],"author":[{"embeddable":true,"href":"https:\/\/www.notibras.com\/site\/wp-json\/wp\/v2\/users\/2"}],"replies":[{"embeddable":true,"href":"https:\/\/www.notibras.com\/site\/wp-json\/wp\/v2\/comments?post=334353"}],"version-history":[{"count":1,"href":"https:\/\/www.notibras.com\/site\/wp-json\/wp\/v2\/posts\/334353\/revisions"}],"predecessor-version":[{"id":334355,"href":"https:\/\/www.notibras.com\/site\/wp-json\/wp\/v2\/posts\/334353\/revisions\/334355"}],"wp:featuredmedia":[{"embeddable":true,"href":"https:\/\/www.notibras.com\/site\/wp-json\/wp\/v2\/media\/334354"}],"wp:attachment":[{"href":"https:\/\/www.notibras.com\/site\/wp-json\/wp\/v2\/media?parent=334353"}],"wp:term":[{"taxonomy":"category","embeddable":true,"href":"https:\/\/www.notibras.com\/site\/wp-json\/wp\/v2\/categories?post=334353"},{"taxonomy":"post_tag","embeddable":true,"href":"https:\/\/www.notibras.com\/site\/wp-json\/wp\/v2\/tags?post=334353"}],"curies":[{"name":"wp","href":"https:\/\/api.w.org\/{rel}","templated":true}]}}