{"id":334356,"date":"2024-08-11T00:00:32","date_gmt":"2024-08-11T03:00:32","guid":{"rendered":"https:\/\/www.notibras.com\/site\/?p=334356"},"modified":"2024-08-11T08:07:26","modified_gmt":"2024-08-11T11:07:26","slug":"alimentos-do-passeio-ciclistico-doados-a-instituicoes-de-caridade","status":"publish","type":"post","link":"https:\/\/www.notibras.com\/site\/alimentos-do-passeio-ciclistico-doados-a-instituicoes-de-caridade\/","title":{"rendered":"Alimentos do Passeio Cicl\u00edstico doados a institui\u00e7\u00f5es de caridade"},"content":{"rendered":"<p>Os alimentos arrecadados no Passeio Cicl\u00edstico realizado no Centro Hist\u00f3rico, em comemora\u00e7\u00e3o ao anivers\u00e1rio de 439 anos da cidade, foram entregues a quatro institui\u00e7\u00f5es de caridade. A a\u00e7\u00e3o \u00e9 fruto de uma parceria entre a C\u00e2mara Municipal de Jo\u00e3o Pessoa, outros \u00f3rg\u00e3os p\u00fablicos e a iniciativa privada.<\/p>\n<p>No total, foram arrecadados mais de mil quilos de alimentos n\u00e3o perec\u00edveis, como feij\u00e3o, arroz e cuscuz. Os donativos foram entregues a quatro institui\u00e7\u00f5es beneficentes da capital, entre elas a Associa\u00e7\u00e3o Esp\u00edrita Nosso Lar, a ONG Castelo de Mulheres e a Associa\u00e7\u00e3o Integrada M\u00e3es de Autistas (A-Ima).<\/p>\n<p>Para o propriet\u00e1rio da empresa T\u00falio Bicicletas, T\u00falio Bezerra, parceira do Passeio Cicl\u00edstico, o sentimento \u00e9 de gratid\u00e3o. &#8220;Gostaria de parabenizar aos ciclistas que aderiram ao passeio e fizeram a entrega dos alimentos no ato da inscri\u00e7\u00e3o, em uma demonstra\u00e7\u00e3o de solidariedade&#8221;, afirmou.<\/p>\n<p>O diretor de Comunica\u00e7\u00e3o da CMJP, Suetoni Souto Maior, disse que \u00e9 gratificante ver o resultado de todo o esfor\u00e7o empreendido. &#8220;A CMJP vem, desde o ano passado, com um trabalho muito forte em busca da revitaliza\u00e7\u00e3o do Centro Hist\u00f3rico. Hoje, estamos realizando a entrega dos alimentos arrecadados durante o Passeio Cicl\u00edstico a diversas institui\u00e7\u00f5es beneficentes da cidade, selecionadas com base no trabalho que prestam em prol da sociedade&#8221;, destacou.<\/p>\n<p>Cleide Lima, presidente da ONG Castelo de Mulheres, uma das institui\u00e7\u00f5es beneficiadas, falou sobre a import\u00e2ncia de receber os donativos. &#8220;O nosso projeto trabalha com o empoderamento feminino e essa doa\u00e7\u00e3o ir\u00e1 contribuir para que essas mulheres possam oferecer mais dentro de casa&#8221;, acrescentou.<\/p>\n<p>Allan Henrique, presidente da Associa\u00e7\u00e3o Esp\u00edrita Nosso Lar, agradeceu a entrega dos donativos. &#8220;\u00c9 uma imensa alegria receber esses alimentos, porque realizamos um trabalho diuturno, voltado aos idosos em situa\u00e7\u00e3o de vulnerabilidade, e precisamos muito do apoio do poder p\u00fablico&#8221;, ponderou.<\/p>\n<p>Por fim, o psic\u00f3logo e coordenador de atendimentos da Associa\u00e7\u00e3o Integrada M\u00e3es de Autistas &#8211; A-Ima, Kelvin Douglas, concluiu dizendo que a a\u00e7\u00e3o \u00e9 muito importante para as crian\u00e7as e adolescente atendidos pela Institui\u00e7\u00e3o, uma vez que o autismo n\u00e3o afeta somente a crian\u00e7a e adolescente com o transtorno e sim toda a fam\u00edlia. &#8220;Muitos pais abdicam do pr\u00f3prio trabalho para cuidar do filho autista, e essas doa\u00e7\u00f5es s\u00e3o fundamentais para essas fam\u00edlias que, muitas vezes, s\u00e3o carentes e vivem apenas com o benef\u00edcio do governo federal&#8221;, finalizou.<\/p>\n<p>O Passeio Cicl\u00edstico fez parte das celebra\u00e7\u00f5es dos 439 anos da Capital paraibana e contou com cerca de mil ciclistas, que refor\u00e7aram as a\u00e7\u00f5es da CMJP dentro do programa &#8216;Viva o Centro&#8217;, que re\u00fane medidas e projetos para revitalizar o Centro Hist\u00f3rico de Jo\u00e3o Pessoa.<\/p>\n","protected":false},"excerpt":{"rendered":"<p>Os alimentos arrecadados no Passeio Cicl\u00edstico realizado no Centro Hist\u00f3rico, em comemora\u00e7\u00e3o ao anivers\u00e1rio de 439 anos da cidade, foram entregues a quatro institui\u00e7\u00f5es de caridade. A a\u00e7\u00e3o \u00e9 fruto de uma parceria entre a C\u00e2mara Municipal de Jo\u00e3o Pessoa, outros \u00f3rg\u00e3os p\u00fablicos e a iniciativa privada. No total, foram arrecadados mais de mil quilos [&hellip;]<\/p>\n","protected":false},"author":2,"featured_media":334357,"comment_status":"closed","ping_status":"closed","sticky":false,"template":"","format":"standard","meta":{"_acf_changed":false,"footnotes":""},"categories":[165],"tags":[],"class_list":["post-334356","post","type-post","status-publish","format-standard","has-post-thumbnail","hentry","category-nordeste"],"acf":[],"_links":{"self":[{"href":"https:\/\/www.notibras.com\/site\/wp-json\/wp\/v2\/posts\/334356","targetHints":{"allow":["GET"]}}],"collection":[{"href":"https:\/\/www.notibras.com\/site\/wp-json\/wp\/v2\/posts"}],"about":[{"href":"https:\/\/www.notibras.com\/site\/wp-json\/wp\/v2\/types\/post"}],"author":[{"embeddable":true,"href":"https:\/\/www.notibras.com\/site\/wp-json\/wp\/v2\/users\/2"}],"replies":[{"embeddable":true,"href":"https:\/\/www.notibras.com\/site\/wp-json\/wp\/v2\/comments?post=334356"}],"version-history":[{"count":1,"href":"https:\/\/www.notibras.com\/site\/wp-json\/wp\/v2\/posts\/334356\/revisions"}],"predecessor-version":[{"id":334358,"href":"https:\/\/www.notibras.com\/site\/wp-json\/wp\/v2\/posts\/334356\/revisions\/334358"}],"wp:featuredmedia":[{"embeddable":true,"href":"https:\/\/www.notibras.com\/site\/wp-json\/wp\/v2\/media\/334357"}],"wp:attachment":[{"href":"https:\/\/www.notibras.com\/site\/wp-json\/wp\/v2\/media?parent=334356"}],"wp:term":[{"taxonomy":"category","embeddable":true,"href":"https:\/\/www.notibras.com\/site\/wp-json\/wp\/v2\/categories?post=334356"},{"taxonomy":"post_tag","embeddable":true,"href":"https:\/\/www.notibras.com\/site\/wp-json\/wp\/v2\/tags?post=334356"}],"curies":[{"name":"wp","href":"https:\/\/api.w.org\/{rel}","templated":true}]}}