{"id":334374,"date":"2024-08-12T10:52:59","date_gmt":"2024-08-12T13:52:59","guid":{"rendered":"https:\/\/www.notibras.com\/site\/?p=334374"},"modified":"2024-08-13T10:14:35","modified_gmt":"2024-08-13T13:14:35","slug":"nagibinho-neto-de-yousseff-e-bisneto-de-houssein","status":"publish","type":"post","link":"https:\/\/www.notibras.com\/site\/nagibinho-neto-de-yousseff-e-bisneto-de-houssein\/","title":{"rendered":"Nagibinho, neto de Yousseff e bisneto de Houssein"},"content":{"rendered":"<p>Poderia come\u00e7ar a escrever este texto pela \u00faltima letra da primeira linha &#8211; algo de tr\u00e1s pra frente, como \u00e9 lido l\u00e1 pela regi\u00e3o onde Jesus tamb\u00e9m \u00e9 amado, mesmo que continue odiado pelo povo que O mandou para a cruz. Deixemos, pois, de pre\u00e2mbulos, e apresentemos nosso personagem.<\/p>\n<p>Nasceu Nagib, filho de Nagib, neto de Yousseff. O bisav\u00f4, Houssein, veio a ser o rei dos drusos, povo n\u00f4made que dominava o Vale do Bekaa, no long\u00ednquo L\u00edbano. Perdeu a coroa e a cabe\u00e7a no per\u00edodo que antecedeu a I Guerra Mundial, \u00e9poca em que os franceses tomaram o territ\u00f3rio liban\u00eas de assalto, fazendo do <em>nosso<\/em> pa\u00eds seu protetorado at\u00e9 meados da d\u00e9cada 60 do s\u00e9culo passado. Foi quando Paris decidiu, inexplicavelmente, abra\u00e7ar a causa dos judeus no massacre dos palestinos que se estende at\u00e9 hoje.<\/p>\n<p>Nagibinho vasculha o passado em busca do presente. E descobre, ouvindo parentes e estudando um pouco da hist\u00f3ria do L\u00edbano, que a \u00e1rvore geneal\u00f3gica dos Seabra tem muitas ra\u00edzes. O Seabra dele (e meu) \u00e9 de origem mu\u00e7ulmana. Originalmente somos Sabra. Vem da \u00e9poca em que os \u00e1rabes invadiram a Pen\u00ednsula Ib\u00e9rica (Espanha e, posteriormente, expandindo-se para Portugal). Isso em meados dos anos 710 depois de Cristo. Algo do tipo retalia\u00e7\u00e3o contra as cruzadas papais.<\/p>\n<p>Um dos comandantes que comp\u00f4s a tropa invasora, \u00e0 frente o imperador Tarik, era o liban\u00eas Mohammad Marmhut Sabra el-Awar. Veja bem: Marmhut Sabra. Nas terras portuguesas, por neologismo, os Sabra viraram Seabra. Do comandante Mohammad descendeu o rei druso Houssein Marmhute Sabra el-Awar, que reinou nas terras libanesas do Vale do Bekaa, at\u00e9 a invas\u00e3o do L\u00edbano pelas tropas francesas no pren\u00fancio da I Guerra Mundial.<\/p>\n<p>O rei foi decapitado. Seus filhos, os pr\u00edncipes Salim e Youssef, buscaram refugio no Marrocos. Ainda no decorrer da I Guerra, aportaram no Brasil, instalando-se em Bel\u00e9m, onde consolidaram uma ind\u00fastria pesqueira. Tinham, ent\u00e3o, uma frota com 11 navios de pesca. Um atentado a bomba em um dos barcos provocou a morte do pr\u00edncipe Salim.<\/p>\n<p>Temendo por sua vida, o irm\u00e3o Youssef naturalizou-se brasileiro e casou-se com a portuguesa J\u00falia Farias Seabra. Ao naturalizar-se, e como a col\u00f4nia portuguesa dos Seabra era grande nas terras paraenses, o escriv\u00e3o substituiu o Sabra por Seabra. Surgiu, da\u00ed, Jos\u00e9 Seabra. Ele mudou-se para Recife, onde virou industrial da panifica\u00e7\u00e3o.<\/p>\n<p>Dele Nagibinho \u00e9 neto. N\u00e3o tem, por\u00e9m &#8211; por n\u00e3o querer -, cidadania libanesa. Bastaria uma chegada na Embaixada do L\u00edbano em Bras\u00edlia para preparar os papeis. Eu e Hamed, um irm\u00e3o, tomamos a iniciativa de fazer o que outros parentes deveriam providenciar. Na condi\u00e7\u00e3o de tamb\u00e9m cidad\u00e3o liban\u00eas, sou Youssef Marmhute Sabra el-Awar, ou seja, o nome de registro de nosso av\u00f4 l\u00e1 no Bekaa.<\/p>\n<p>Nagibinho, apesar dos seus cabelos prateados, ainda est\u00e1 em tempo de virar Nagib Marmhute Sabra el-Awar. Ele sabe que seu sangue veio do L\u00edbano, como os demais Seabra, portugueses, que t\u00eam DNA mu\u00e7ulmano, pois s\u00e3o todos sangue do velho comandante Mohammad, aquele a que me referi acima, dos anos 710, quando da ocupa\u00e7\u00e3o da Pen\u00ednsula Ib\u00e9rica pelos \u00e1rabes.<\/p>\n<p>O primo, hoje nas terras alagoanas, promete investigar mais. Avalia inclusive dar uma chegada na terra onde foram fincadas as primeiras sementes da fam\u00edlia, que brotaram, se fizeram \u00e1rvores e espalharam frutos. L\u00e1 ele saber\u00e1 que, embora goste de degustar um bom vinho tinto, seu sangue, na verdade, \u00e9 azul. Como o selo dos Sabra el-Awar.<\/p>\n","protected":false},"excerpt":{"rendered":"<p>Poderia come\u00e7ar a escrever este texto pela \u00faltima letra da primeira linha &#8211; algo de tr\u00e1s pra frente, como \u00e9 lido l\u00e1 pela regi\u00e3o onde Jesus tamb\u00e9m \u00e9 amado, mesmo que continue odiado pelo povo que O mandou para a cruz. Deixemos, pois, de pre\u00e2mbulos, e apresentemos nosso personagem. Nasceu Nagib, filho de Nagib, neto [&hellip;]<\/p>\n","protected":false},"author":2,"featured_media":334375,"comment_status":"closed","ping_status":"closed","sticky":false,"template":"","format":"standard","meta":{"_acf_changed":false,"footnotes":""},"categories":[165],"tags":[],"class_list":["post-334374","post","type-post","status-publish","format-standard","has-post-thumbnail","hentry","category-nordeste"],"acf":[],"_links":{"self":[{"href":"https:\/\/www.notibras.com\/site\/wp-json\/wp\/v2\/posts\/334374","targetHints":{"allow":["GET"]}}],"collection":[{"href":"https:\/\/www.notibras.com\/site\/wp-json\/wp\/v2\/posts"}],"about":[{"href":"https:\/\/www.notibras.com\/site\/wp-json\/wp\/v2\/types\/post"}],"author":[{"embeddable":true,"href":"https:\/\/www.notibras.com\/site\/wp-json\/wp\/v2\/users\/2"}],"replies":[{"embeddable":true,"href":"https:\/\/www.notibras.com\/site\/wp-json\/wp\/v2\/comments?post=334374"}],"version-history":[{"count":4,"href":"https:\/\/www.notibras.com\/site\/wp-json\/wp\/v2\/posts\/334374\/revisions"}],"predecessor-version":[{"id":334527,"href":"https:\/\/www.notibras.com\/site\/wp-json\/wp\/v2\/posts\/334374\/revisions\/334527"}],"wp:featuredmedia":[{"embeddable":true,"href":"https:\/\/www.notibras.com\/site\/wp-json\/wp\/v2\/media\/334375"}],"wp:attachment":[{"href":"https:\/\/www.notibras.com\/site\/wp-json\/wp\/v2\/media?parent=334374"}],"wp:term":[{"taxonomy":"category","embeddable":true,"href":"https:\/\/www.notibras.com\/site\/wp-json\/wp\/v2\/categories?post=334374"},{"taxonomy":"post_tag","embeddable":true,"href":"https:\/\/www.notibras.com\/site\/wp-json\/wp\/v2\/tags?post=334374"}],"curies":[{"name":"wp","href":"https:\/\/api.w.org\/{rel}","templated":true}]}}