{"id":334377,"date":"2024-08-12T06:42:21","date_gmt":"2024-08-12T09:42:21","guid":{"rendered":"https:\/\/www.notibras.com\/site\/?p=334377"},"modified":"2024-08-12T06:42:21","modified_gmt":"2024-08-12T09:42:21","slug":"candidatura-de-adones-recebe-mais-apoios-de-liderancas-da-educacao","status":"publish","type":"post","link":"https:\/\/www.notibras.com\/site\/candidatura-de-adones-recebe-mais-apoios-de-liderancas-da-educacao\/","title":{"rendered":"Candidatura de Adones recebe mais apoios de lideran\u00e7as da Educa\u00e7\u00e3o"},"content":{"rendered":"<p>Mais lideran\u00e7as e profissionais do segmento da educa\u00e7\u00e3o aderem \u00e0 candidatura do ex-secret\u00e1rio Adones J\u00fanior (PSB) a vereador de Santa Rita nas elei\u00e7\u00f5es de 6 de outubro deste ano. &#8220;Isso \u00e9 fruto da gest\u00e3o compromissada quando fui secret\u00e1rio municipal da Educa\u00e7\u00e3o e estou pronto para cair em campo na campanha que se inicia a partir do pr\u00f3ximo dia 16, seguindo o que determina a legisla\u00e7\u00e3o eleitoral&#8221;, avalia Adones.<\/p>\n<p>J\u00e1 no in\u00edcio do m\u00eas de junho, a ent\u00e3o pr\u00e9-candidatura de Adones j\u00e1 ganhava for\u00e7a com a ades\u00e3o de outros cerca de 150 profissionais da \u00e1rea da educa\u00e7\u00e3o, entre servidores de \u00e1reas de apoio e professores, em encontro realizado nas depend\u00eancias do Balne\u00e1rio P\u00f4r do Sol, no Bairro de Tibiri I. \u00c9 na educa\u00e7\u00e3o onde tudo come\u00e7a&#8221;, repete Adones J\u00fanior, reafirmando que sua principal bandeira pol\u00edtica na C\u00e2mara Municipal de Santa Rita (CMSR) ser\u00e1 a \u00e1rea educacional.<\/p>\n<p>Adones ressalta os dois anos e meio em que passou \u00e0 frente da Secretaria Municipal da Educa\u00e7\u00e3o, no per\u00edodo de 2005 a 2008, quando foram constru\u00eddas quatro grandes escolas na cidade, com a implanta\u00e7\u00e3o de diversos laborat\u00f3rios de inform\u00e1tica, al\u00e9m da recupera\u00e7\u00e3o e amplia\u00e7\u00e3o de outras unidades de ensino, entre escolas e creches. &#8220;Nosso trabalho \u00e0 frente da secretaria rendeu muito para a cidade&#8221;.<\/p>\n<p>Ele tamb\u00e9m lembra que no per\u00edodo de sua gest\u00e3o ocorreu o maior reajuste salarial da hist\u00f3ria de Santa Rita, tanto para os profissionais do magist\u00e9rio quanto para pessoal de apoio. &#8220;Reajustamos em 42% os sal\u00e1rios dos professores e 20% para o pessoal de apoio&#8221;, relembra Adones, acrescentando: &#8220;Ocorreram entregas regulares de kit escolar para todos os alunos junto com o fardamento, a abertura de v\u00e1rios laborat\u00f3rios de inform\u00e1tica nas escolas e de salas de multirrecursos para alunos com necessidades especiais&#8221;.<\/p>\n<p>Quando era o secret\u00e1rio da Educa\u00e7\u00e3o, Adones tamb\u00e9m implantou pr\u00eamios de incentivo para os alunos matriculados na rede municipal de ensino de Santa Rita. &#8220;Valorizamos e incentivamos os jovens da nossa cidade&#8221;, diz o ex-secret\u00e1rio. &#8220;A educa\u00e7\u00e3o sempre ser\u00e1 a nossa bandeira de trabalho&#8221;, reafirma.<\/p>\n<p>Economista, recentemente Adones J\u00fanior respondia pela Ger\u00eancia da Economia Solid\u00e1ria do Governo da Para\u00edba. Al\u00e9m de secret\u00e1rio da Educa\u00e7\u00e3o, ele tamb\u00e9m j\u00e1 foi vereador em Santa Rita entre 2008 e 2012. A candidatura de Adones J\u00fanior a uma vaga na C\u00e2mara de Vereadores nas elei\u00e7\u00f5es deste ano foi homologada no \u00faltimo dia 3, durante conven\u00e7\u00e3o do Partido Socialista Brasileiro (PSB) em Santa Rita.<\/p>\n","protected":false},"excerpt":{"rendered":"<p>Mais lideran\u00e7as e profissionais do segmento da educa\u00e7\u00e3o aderem \u00e0 candidatura do ex-secret\u00e1rio Adones J\u00fanior (PSB) a vereador de Santa Rita nas elei\u00e7\u00f5es de 6 de outubro deste ano. &#8220;Isso \u00e9 fruto da gest\u00e3o compromissada quando fui secret\u00e1rio municipal da Educa\u00e7\u00e3o e estou pronto para cair em campo na campanha que se inicia a partir [&hellip;]<\/p>\n","protected":false},"author":2,"featured_media":334378,"comment_status":"closed","ping_status":"closed","sticky":false,"template":"","format":"standard","meta":{"_acf_changed":false,"footnotes":""},"categories":[165],"tags":[],"class_list":["post-334377","post","type-post","status-publish","format-standard","has-post-thumbnail","hentry","category-nordeste"],"acf":[],"_links":{"self":[{"href":"https:\/\/www.notibras.com\/site\/wp-json\/wp\/v2\/posts\/334377","targetHints":{"allow":["GET"]}}],"collection":[{"href":"https:\/\/www.notibras.com\/site\/wp-json\/wp\/v2\/posts"}],"about":[{"href":"https:\/\/www.notibras.com\/site\/wp-json\/wp\/v2\/types\/post"}],"author":[{"embeddable":true,"href":"https:\/\/www.notibras.com\/site\/wp-json\/wp\/v2\/users\/2"}],"replies":[{"embeddable":true,"href":"https:\/\/www.notibras.com\/site\/wp-json\/wp\/v2\/comments?post=334377"}],"version-history":[{"count":1,"href":"https:\/\/www.notibras.com\/site\/wp-json\/wp\/v2\/posts\/334377\/revisions"}],"predecessor-version":[{"id":334379,"href":"https:\/\/www.notibras.com\/site\/wp-json\/wp\/v2\/posts\/334377\/revisions\/334379"}],"wp:featuredmedia":[{"embeddable":true,"href":"https:\/\/www.notibras.com\/site\/wp-json\/wp\/v2\/media\/334378"}],"wp:attachment":[{"href":"https:\/\/www.notibras.com\/site\/wp-json\/wp\/v2\/media?parent=334377"}],"wp:term":[{"taxonomy":"category","embeddable":true,"href":"https:\/\/www.notibras.com\/site\/wp-json\/wp\/v2\/categories?post=334377"},{"taxonomy":"post_tag","embeddable":true,"href":"https:\/\/www.notibras.com\/site\/wp-json\/wp\/v2\/tags?post=334377"}],"curies":[{"name":"wp","href":"https:\/\/api.w.org\/{rel}","templated":true}]}}