{"id":334389,"date":"2024-08-12T07:38:44","date_gmt":"2024-08-12T10:38:44","guid":{"rendered":"https:\/\/www.notibras.com\/site\/?p=334389"},"modified":"2024-08-12T07:40:06","modified_gmt":"2024-08-12T10:40:06","slug":"caipirinha-e-sarapatel-aliviam-horas-de-estresse","status":"publish","type":"post","link":"https:\/\/www.notibras.com\/site\/caipirinha-e-sarapatel-aliviam-horas-de-estresse\/","title":{"rendered":"Caipirinha e sarapatel aliviam horas de estresse"},"content":{"rendered":"<p>A vida de jornalista \u00e9 deveras corrida. Imagine, ent\u00e3o, um sujeito que, al\u00e9m de desbravador de not\u00edcias, \u00e9 editor da Sucursal Nordeste de <strong>Notibras<\/strong>, com sede na apraz\u00edvel praia de Itapuama, na cidade do Cabo de Santo Agostinho. Para complicar ainda mais o meio de campo, o danado ainda adora se embrenhar pela literatura. E, para embaralhar por completo as ideias, \u00e9 contumaz apreciador das cacha\u00e7as forjadas nos mais conceituados alambiques de Pernambuco. Seu nome? Jos\u00e9 Seabra, tamb\u00e9m conhecido como Chefe, tamanha a sua soberania diante do seleto grupo que comp\u00f5e <strong>Notibras<\/strong>.<\/p>\n<p>Foi atrav\u00e9s do Seabra que conheci tr\u00eas figuras incr\u00edveis da reda\u00e7\u00e3o. O Armando Cardoso, que apesar de ser o presidente do Conselho Editorial de <strong>Notibras<\/strong>, n\u00e3o raro, chega a esbo\u00e7ar um sorriso com os textos divertidos do Mathuzal\u00e9m J\u00fanior. Todavia, ao se deparar com as hil\u00e1rias linhas desconcertantes do Wenceslau Ara\u00fajo, editor chefe de Notibras, n\u00e3o resiste e cai na gargalhada. Para aqueles que n\u00e3o conhecem o Armando, podem at\u00e9 estranhar, mas logo s\u00e3o alertados pelo Chefe: &#8220;O Armando, com aquela pompa de lorde, \u00e9 o melhor contador de causos que conhe\u00e7o.&#8221;<\/p>\n<p>Cheios de ideias e atitudes, o Seabra consegue deixar \u00e0 vontade aqueles que t\u00eam a sorte de trabalhar com ele. Confesso que, no in\u00edcio, ficava sem jeito quando queria dar uma ideia ou outra, at\u00e9 que ele me mandou a real: &#8220;Edu, <strong>Notibras<\/strong> \u00e9 feito por profissionais mas quem manda s\u00e3o os amigos. Ent\u00e3o, nada de timidez, pois voc\u00ea, que \u00e9 veterin\u00e1rio, sabe muito bem o que fica exposto quando o avestruz tenta se esconder.&#8221;<\/p>\n<p>Li\u00e7\u00e3o aprendida, eu, como editor da \u00e1rea de cultura, tomei coragem para convidar o grande poeta e escritor Daniel Marchi, cujo talento h\u00e1 tempos conhecia. T\u00edmido que ele \u00e9, tratei de tomar como minha a frase do Chefe. Foi a gota d\u2019\u00e1gua que faltava para que um oceano de ideias transbordasse da mente criativa do Daniel, como todos que acompanham seus contos e cr\u00f4nicas publicados em <strong>Notibras<\/strong> podem comprovar.<\/p>\n<p>E por falar em poeta, eis que garimpei outra pe\u00e7a rara h\u00e1 poucos meses para compor o time do jornal: Saulo Braga, o folcl\u00f3rico motociclista conhecido como Piu-Piu, que roda por este pa\u00eds em busca de aventuras e, n\u00e3o raro, gosta de pincelar versos. O Chefe se encantou com as poesias do Braga. N\u00e3o por acaso, ele me disse: &#8220;Edu, as personagens que ele cria t\u00eam a beleza de Nefertiti, a ousadia de Cle\u00f3patra, a pureza de Joana D&#8217;Arc, o magnetismo da Mona Lisa e a sensualidade de Helena.&#8221;<\/p>\n<p>Jornalista, editor, escritor, apreciador de cacha\u00e7a e tantas e todas as coisas que quiser ser, Jos\u00e9 Seabra \u00e9, antes de qualquer coisa, o amigo necess\u00e1rio, que acolhe e encoraja os companheiros de labuta. Ele sabe, do alto de renomada sapi\u00eancia, acreditar na capacidade dos que o rodeiam. N\u00e3o \u00e0 toa, ele \u00e9 o Chefe. Chefe at\u00e9 no Dia dos Pais, quando, longe da prole, decide curtir uma caipirinha com sarapatel no seu saudoso P\u00e1tio de S\u00e3o Pedro, no centro hist\u00f3rico do Recife.<\/p>\n<p><strong>*Eduardo Mart\u00ednez \u00e9 autor do livro \u201c57 Contos e Cr\u00f4nicas por um Autor muito Velho\u201d.<\/strong><\/p>\n<p>Compre aqui\u00a0<span class=\"x19la9d6 x1fc57z9 x6ikm8r x10wlt62 x19co3pv x1g5zs5t xfibh0p xiy17q3 x1xsqp64 x1lkfr7t xexx8yu x4uap5 x18d9i69 xkhd6sd\"><span class=\"xrtxmta x1bhl96m\"><img decoding=\"async\" class=\"emoji\" role=\"img\" draggable=\"false\" src=\"https:\/\/s.w.org\/images\/core\/emoji\/14.0.0\/svg\/1f447-1f3ff.svg\" alt=\"&#x1f447;&#x1f3ff;\" \/><\/span><\/span><span class=\"x19la9d6 x1fc57z9 x6ikm8r x10wlt62 x19co3pv x1g5zs5t xfibh0p xiy17q3 x1xsqp64 x1lkfr7t xexx8yu x4uap5 x18d9i69 xkhd6sd\"><span class=\"xrtxmta x1bhl96m\"><img decoding=\"async\" class=\"emoji\" role=\"img\" draggable=\"false\" src=\"https:\/\/s.w.org\/images\/core\/emoji\/14.0.0\/svg\/1f447-1f3ff.svg\" alt=\"&#x1f447;&#x1f3ff;\" \/><\/span><\/span><span class=\"x19la9d6 x1fc57z9 x6ikm8r x10wlt62 x19co3pv x1g5zs5t xfibh0p xiy17q3 x1xsqp64 x1lkfr7t xexx8yu x4uap5 x18d9i69 xkhd6sd\"><span class=\"xrtxmta x1bhl96m\"><img decoding=\"async\" class=\"emoji\" role=\"img\" draggable=\"false\" src=\"https:\/\/s.w.org\/images\/core\/emoji\/14.0.0\/svg\/1f447-1f3ff.svg\" alt=\"&#x1f447;&#x1f3ff;\" \/><\/span><\/span><\/p>\n<p><a href=\"http:\/\/www.joanineditora.com.br\/57-contos-e-cronicas-por-um-autor-muito-velho\">http:\/\/www.joanineditora.com.br\/57-contos-e-cronicas-por-um-autor-muito-velho<\/a><\/p>\n","protected":false},"excerpt":{"rendered":"<p>A vida de jornalista \u00e9 deveras corrida. Imagine, ent\u00e3o, um sujeito que, al\u00e9m de desbravador de not\u00edcias, \u00e9 editor da Sucursal Nordeste de Notibras, com sede na apraz\u00edvel praia de Itapuama, na cidade do Cabo de Santo Agostinho. Para complicar ainda mais o meio de campo, o danado ainda adora se embrenhar pela literatura. E, [&hellip;]<\/p>\n","protected":false},"author":2,"featured_media":334390,"comment_status":"closed","ping_status":"closed","sticky":false,"template":"","format":"standard","meta":{"_acf_changed":false,"footnotes":""},"categories":[165],"tags":[],"class_list":["post-334389","post","type-post","status-publish","format-standard","has-post-thumbnail","hentry","category-nordeste"],"acf":[],"_links":{"self":[{"href":"https:\/\/www.notibras.com\/site\/wp-json\/wp\/v2\/posts\/334389","targetHints":{"allow":["GET"]}}],"collection":[{"href":"https:\/\/www.notibras.com\/site\/wp-json\/wp\/v2\/posts"}],"about":[{"href":"https:\/\/www.notibras.com\/site\/wp-json\/wp\/v2\/types\/post"}],"author":[{"embeddable":true,"href":"https:\/\/www.notibras.com\/site\/wp-json\/wp\/v2\/users\/2"}],"replies":[{"embeddable":true,"href":"https:\/\/www.notibras.com\/site\/wp-json\/wp\/v2\/comments?post=334389"}],"version-history":[{"count":2,"href":"https:\/\/www.notibras.com\/site\/wp-json\/wp\/v2\/posts\/334389\/revisions"}],"predecessor-version":[{"id":334392,"href":"https:\/\/www.notibras.com\/site\/wp-json\/wp\/v2\/posts\/334389\/revisions\/334392"}],"wp:featuredmedia":[{"embeddable":true,"href":"https:\/\/www.notibras.com\/site\/wp-json\/wp\/v2\/media\/334390"}],"wp:attachment":[{"href":"https:\/\/www.notibras.com\/site\/wp-json\/wp\/v2\/media?parent=334389"}],"wp:term":[{"taxonomy":"category","embeddable":true,"href":"https:\/\/www.notibras.com\/site\/wp-json\/wp\/v2\/categories?post=334389"},{"taxonomy":"post_tag","embeddable":true,"href":"https:\/\/www.notibras.com\/site\/wp-json\/wp\/v2\/tags?post=334389"}],"curies":[{"name":"wp","href":"https:\/\/api.w.org\/{rel}","templated":true}]}}