{"id":334417,"date":"2024-08-12T00:00:37","date_gmt":"2024-08-12T03:00:37","guid":{"rendered":"https:\/\/www.notibras.com\/site\/?p=334417"},"modified":"2024-08-12T08:49:49","modified_gmt":"2024-08-12T11:49:49","slug":"rebu-prepara-festa-para-fechar-mes-da-visibilidade-lesbica","status":"publish","type":"post","link":"https:\/\/www.notibras.com\/site\/rebu-prepara-festa-para-fechar-mes-da-visibilidade-lesbica\/","title":{"rendered":"Rebu prepara festa para fechar m\u00eas da visibilidade l\u00e9sbica"},"content":{"rendered":"<p>Para fechar o m\u00eas da visibilidade l\u00e9sbica com tudo, a Coletiva Rebu realiza o Rebu Clube, no s\u00e1bado, 31 de agosto, a partir das 15h, no Teatro Arena do Guar\u00e1. O melhor: o evento \u00e9 gratuito, mediante a retirada de ingresso no Sympla. Realizado com Fundo de Apoio \u00e0 Cultura do Distrito Federal (FAC\/DF), chega com um line-up de tirar o f\u00f4lego, com atra\u00e7\u00f5es nacionais e locais, confirmando o compromisso da Coletiva de dar visibilidade a pessoas l\u00e9sbicas, bissexuais e transexuais e n\u00e3o bin\u00e1rias.<\/p>\n<p>Prepara a canga para curtir um dia agrad\u00e1vel e cheio de divers\u00e3o. No nosso line-up, al\u00e9m do Trio Rebu, formado pelas DJs e produtoras culturais Dayse Hansa, Loly Alves e Rafa Ferrugem, o evento apresenta a cantora A\u00edla; uma das principais vozes da m\u00fasica pop contempor\u00e2nea da Amaz\u00f4nia; do Esp\u00edrito Santo, Roberta de Raz\u00e3o, que chega com seu rock psicol\u00e9sbico cafona, e a DJ Paula Torelly, brasiliense j\u00e1 conhecida no quadradinho. Entre as atra\u00e7\u00f5es, est\u00e1 o som da DJ Gvacch, que adora colocar a galera para dan\u00e7ar, com seu set que vai do frevo do interior \u00e0s bregadeiras, arrochadeiras e swingueiras.<\/p>\n<p>&#8220;Nossas atra\u00e7\u00f5es foram selecionadas com muito cuidado para promover a visibilidade de artistas que agregam para a m\u00fasica autoral do nosso pa\u00eds e do Distrito Federal. A versatilidade j\u00e1 \u00e9 uma marca da Rebu e queremos promover uma festa que promete agradar e agitar todo o p\u00fablico&#8221;, destaca Rafaella Ferrugem.<\/p>\n<p>O Rebu Clube promete divers\u00e3o para todas as idades, mesas de jogos e brinquedos infl\u00e1veis para a crian\u00e7ada. Valorizando sempre nossos artistas, nossa Feirinha Livre traz uma variedade de artigos e muita arte para todos. Hum&#8230; Tem mais: no nosso Espa\u00e7o de Alimenta\u00e7\u00e3o, \u00f3timas op\u00e7\u00f5es para todos os gostos.<\/p>\n<p>&#8220;Nossa inten\u00e7\u00e3o \u00e9 ocupar cada vez mais espa\u00e7os para fortalecer artistas e produtoras. \u00c9 uma forma de enfrentar o machismo estrutural ainda t\u00e3o presente na nossa sociedade&#8221;, revela Loly Alves. &#8220;Este \u00e9 um m\u00eas muito importante e, al\u00e9m de proporcionar um evento seguro para todes, queremos promover a conscientiza\u00e7\u00e3o sobre a discrimina\u00e7\u00e3o, os desafios e a invisibilidade que pessoas l\u00e9sbicas, bissexuais, transexuais e n\u00e3o bin\u00e1rias enfrentam, al\u00e9m de sempre promover a aceita\u00e7\u00e3o e o respeito&#8221;, completa Dayse Hansa.<\/p>\n<p>Al\u00e9m de todas as atra\u00e7\u00f5es, vamos trazer tamb\u00e9m para o nosso evento rodas de conversa sobre diversos temas da comunidade LGBTQIPA+. Para o p\u00fablico que ir\u00e1 ao evento, poder\u00e1 contar com o Sapabus, que sair\u00e1 da Rodovi\u00e1ria do Plano Piloto.<\/p>\n","protected":false},"excerpt":{"rendered":"<p>Para fechar o m\u00eas da visibilidade l\u00e9sbica com tudo, a Coletiva Rebu realiza o Rebu Clube, no s\u00e1bado, 31 de agosto, a partir das 15h, no Teatro Arena do Guar\u00e1. O melhor: o evento \u00e9 gratuito, mediante a retirada de ingresso no Sympla. Realizado com Fundo de Apoio \u00e0 Cultura do Distrito Federal (FAC\/DF), chega [&hellip;]<\/p>\n","protected":false},"author":2,"featured_media":334418,"comment_status":"closed","ping_status":"closed","sticky":false,"template":"","format":"standard","meta":{"_acf_changed":false,"footnotes":""},"categories":[161],"tags":[],"class_list":["post-334417","post","type-post","status-publish","format-standard","has-post-thumbnail","hentry","category-quadradinho-em-foco"],"acf":[],"_links":{"self":[{"href":"https:\/\/www.notibras.com\/site\/wp-json\/wp\/v2\/posts\/334417","targetHints":{"allow":["GET"]}}],"collection":[{"href":"https:\/\/www.notibras.com\/site\/wp-json\/wp\/v2\/posts"}],"about":[{"href":"https:\/\/www.notibras.com\/site\/wp-json\/wp\/v2\/types\/post"}],"author":[{"embeddable":true,"href":"https:\/\/www.notibras.com\/site\/wp-json\/wp\/v2\/users\/2"}],"replies":[{"embeddable":true,"href":"https:\/\/www.notibras.com\/site\/wp-json\/wp\/v2\/comments?post=334417"}],"version-history":[{"count":3,"href":"https:\/\/www.notibras.com\/site\/wp-json\/wp\/v2\/posts\/334417\/revisions"}],"predecessor-version":[{"id":334421,"href":"https:\/\/www.notibras.com\/site\/wp-json\/wp\/v2\/posts\/334417\/revisions\/334421"}],"wp:featuredmedia":[{"embeddable":true,"href":"https:\/\/www.notibras.com\/site\/wp-json\/wp\/v2\/media\/334418"}],"wp:attachment":[{"href":"https:\/\/www.notibras.com\/site\/wp-json\/wp\/v2\/media?parent=334417"}],"wp:term":[{"taxonomy":"category","embeddable":true,"href":"https:\/\/www.notibras.com\/site\/wp-json\/wp\/v2\/categories?post=334417"},{"taxonomy":"post_tag","embeddable":true,"href":"https:\/\/www.notibras.com\/site\/wp-json\/wp\/v2\/tags?post=334417"}],"curies":[{"name":"wp","href":"https:\/\/api.w.org\/{rel}","templated":true}]}}