{"id":334422,"date":"2024-08-12T00:01:35","date_gmt":"2024-08-12T03:01:35","guid":{"rendered":"https:\/\/www.notibras.com\/site\/?p=334422"},"modified":"2024-08-12T08:55:35","modified_gmt":"2024-08-12T11:55:35","slug":"programas-de-agricultura-urbana-dao-suporte-a-hortas-comunitarias","status":"publish","type":"post","link":"https:\/\/www.notibras.com\/site\/programas-de-agricultura-urbana-dao-suporte-a-hortas-comunitarias\/","title":{"rendered":"Programas de agricultura urbana d\u00e3o suporte a hortas comunit\u00e1rias"},"content":{"rendered":"<p>Deparar-se com uma horta em meio a \u00e1rea urbana do Distrito Federal \u00e9 cada dia mais comum. Segundo dados coletados pelo Instituto de Pesquisa e Estat\u00edstica do Distrito Federal (IPEDF) no estudo Agricultura Urbana e Periurbana no Distrito Federal, h\u00e1 mais de 500 pontos de cultivos identificados. Desses, cerca de 130 s\u00e3o acompanhados e atendidos anualmente pelo GDF, por meio da Empresa de Assist\u00eancia T\u00e9cnica e Extens\u00e3o Rural do DF (Emater) e da Secretaria de Agricultura, Abastecimento e Desenvolvimento Rural do DF (Seagri).<\/p>\n<p>Cabe ao governo atender escolas, creches, unidades b\u00e1sicas de sa\u00fade (UBSs) e unidades de interna\u00e7\u00e3o socioeducativas na cria\u00e7\u00e3o e cultivo de hortas agroecol\u00f3gicas, e a comunidade geral nas hortas comunit\u00e1rias em \u00e1reas p\u00fablicas. S\u00f3 no ano passado, a Emater recebeu a solicita\u00e7\u00e3o do servi\u00e7o em 21 unidades ligadas \u00e0 Secretaria de Sa\u00fade do DF (SES) e mais 17 unidades ligadas ao socioassistencial, da Secretaria de Desenvolvimento Social do DF (Sedes) e ao sistema socioeducativo, vinculado \u00e0 Secretaria de Justi\u00e7a e Cidadania do DF (Sejus).<\/p>\n<p>\u201cNa Emater, a Ger\u00eancia de Agricultura Urbana d\u00e1 assist\u00eancia \u00e0s hortas de todos os \u00f3rg\u00e3os do GDF\u201d, explica a extensionista rural da Ger\u00eancia de Agricultura Urbana da Emater, S\u00f4nia Lemos. \u201cFornecemos o material e as ferramentas, como adubo, calc\u00e1rio, fertilizantes e sementes. Tamb\u00e9m temos um agr\u00f4nomo que faz a orienta\u00e7\u00e3o.\u201d As hortali\u00e7as, detalha ela, s\u00e3o os cultivos mais demandados, com \u00eanfase em alface, couve, coentro, cebolinha e ab\u00f3bora. \u201cAs folhosas s\u00e3o os pedidos que mais recebemos, porque elas enfeitam os canteiros e crescem mais r\u00e1pido\u201d, aponta.<\/p>\n<p>A Unidade de Interna\u00e7\u00e3o de Brazl\u00e2ndia (Uibra) \u00e9 uma das beneficiadas pelo programa da Emater. Desde 2021, o espa\u00e7o, que atende 41 adolescentes em conflito com a lei, conta com uma horta cuidada pelos socioeducandos e utilizada entre as atividades de ressocializa\u00e7\u00e3o dos internos. A iniciativa nasceu de um hobby da agente socioeducativa Sandra Midori Sato.<\/p>\n<p>\u201cQuando chegamos aqui, em 2021, tinha esse espa\u00e7o vazio\u201d, lembra Sandra. \u201cPrimeiro, come\u00e7amos a arborizar a unidade, depois veio a ideia de plantar a horta. Com a horta, uni o \u00fatil ao agrad\u00e1vel. Era uma paix\u00e3o minha e uma vontade de ajudar os meninos, para que pelo menos durante o tempo em que eles est\u00e3o aqui, possam ter uma vis\u00e3o diferente.\u201d<\/p>\n<p>Estar junto \u00e0 terra, aprender t\u00e9cnicas de horticultura e interagir com outros internos tem dado resultado. \u201cTemos percebido a diferen\u00e7a deles\u201d, relata a agente. \u201cMuitos falam da vontade de mexer com agricultura ap\u00f3s sair daqui. Outros falam de fazer uma horta para as m\u00e3es, para as av\u00f3s. Temos tamb\u00e9m v\u00e1rios casos de internos que chegam \u00e0 unidade com problemas de comportamento e psicol\u00f3gicos e t\u00eam a horta como v\u00e1lvula de escape\u201d.<\/p>\n<p>\u00c9 o caso de Jo\u00e3o (nome fict\u00edcio), 16 anos, interno que, h\u00e1 um ano e meio, atua na horta da Uibra: \u201cAcho muito bom poder mexer na terra. Me sinto melhor. \u00c9 uma oportunidade que tenho de tomar um ar, pegar um sol, conversar com outros colegas e estar trabalhando. Tamb\u00e9m penso que, quando eu sair, posso conseguir um emprego numa ch\u00e1cara, porque j\u00e1 sei plantar\u201d.<\/p>\n<p>Diretor da Uibra, Isaac Pessoa ressalta a import\u00e2ncia da oportunidade: \u201cOs meninos gostam muito de trabalhar na horta e aprendem um of\u00edcio para ter uma poss\u00edvel profiss\u00e3o fora; n\u00f3s ganhamos tamb\u00e9m, porque a unidade fica mais bonita, um ambiente melhor para se trabalhar\u201d<\/p>\n<p>O diretor adjunto da Uibra, Thiago Meneses, ressalta que a horta auxilia os jovens e os servidores na concep\u00e7\u00e3o do plano individual de atendimento, uma das diretrizes da interna\u00e7\u00e3o. \u201cO trabalho na horta \u00e9 um trabalho temporal, que precisa ser plantado e regado para ser colhido, ent\u00e3o \u00e9 um refor\u00e7o para a equipe t\u00e9cnica trabalhar e materializar com o adolescente que o trabalho na horta \u00e9 como a pr\u00e1tica na vida, que \u00e9 o mesmo processo\u201d, afirma.<\/p>\n<p>Por sua vez, o diretor da Uibra, Isaac Pessoa, reafirma que a horta tem sido uma oportunidade a mais para os jovens, al\u00e9m de importante para os servidores do local. \u201cOs meninos gostam muito de trabalhar na horta e aprendem um of\u00edcio para ter uma poss\u00edvel profiss\u00e3o fora; n\u00f3s ganhamos tamb\u00e9m, porque a unidade fica mais bonita, um ambiente melhor para se trabalhar\u201d, diz. A ideia \u00e9 expandir o projeto com a instala\u00e7\u00e3o de uma estufa.<\/p>\n<p>As hortali\u00e7as produzidas ali s\u00e3o levadas para feiras e para as edi\u00e7\u00f5es do projeto GDF Mais Perto do Cidad\u00e3o, da Sejus. Al\u00e9m disso, servidores, internos e familiares dos socioeducandos tamb\u00e9m t\u00eam acesso \u00e0 produ\u00e7\u00e3o.<\/p>\n<p>Nas unidades de interna\u00e7\u00e3o, a horta tem o papel primordial da ressocializa\u00e7\u00e3o, mas o cultivo na \u00e1rea urbana apresenta ainda uma s\u00e9rie de benef\u00edcios. Seguran\u00e7a alimentar, sa\u00fade mental, educa\u00e7\u00e3o ecol\u00f3gica e conv\u00edvio social s\u00e3o alguns dos pontos levantados pelo coordenador de Pol\u00edticas de Agricultura Urbana e Periurbana da Seagri, Fernando Cleser.<\/p>\n<p>\u201cS\u00e3o v\u00e1rios fatores, desde seguran\u00e7a alimentar, dependendo de qual comunidade estamos falando, at\u00e9 a pr\u00f3pria organiza\u00e7\u00e3o da comunidade\u201d, sinaliza o gestor. \u201cTemos hortas em UBSs em que a colheita \u00e9 fornecida para fam\u00edlias em situa\u00e7\u00e3o de vulnerabilidade da regi\u00e3o e que, inclusive, s\u00e3o convidadas a participar do projeto. Tamb\u00e9m temos hortas onde h\u00e1 um vi\u00e9s terap\u00eautico para idosos e pessoas com defici\u00eancia.\u201d<\/p>\n<p>Assim como a Emater, a Seagri atua apoiando as hortas com equipamentos e insumos. Al\u00e9m disso, \u00e9 responsabilidade da pasta cadastrar as hortas comunit\u00e1rias, em cumprimento ao decreto n\u00ba 39.314, que disp\u00f5e sobre as diretrizes para as pol\u00edticas de apoio \u00e0 agricultura urbana e periurbana no Distrito Federal.<\/p>\n<p>\u201cN\u00e3o \u00e9 obrigat\u00f3rio o cadastramento das hortas, mas em algumas iniciativas \u00e9 interessante, porque o cadastro d\u00e1 a autoriza\u00e7\u00e3o ao cultivo \u2013 \u00e9 o caso de hortas em \u00e1reas p\u00fablicas e comunit\u00e1rias\u201d, explica.<\/p>\n<p>Desde 2019, a Seagri cadastrou 29 hortas, das quais 27 est\u00e3o em processo de regulariza\u00e7\u00e3o. A autoriza\u00e7\u00e3o \u00e9 concedida por um grupo executivo composto por v\u00e1rios \u00f3rg\u00e3os. \u201cO t\u00edtulo autoriza e d\u00e1 seguran\u00e7a a quem monta uma horta por um per\u00edodo de cinco anos\u201d, complementa Fernando.<\/p>\n<p>Quem quiser participar do programa de agricultura urbana da Emater pode entrar em contato pelo telefone (61) 3311-9362 e pelo e-mail geurb@emater.df.gov.br. Para cadastrar as hortas, basta comparecer a um dos escrit\u00f3rios da Defesa Agropecu\u00e1ria da Seagri com as informa\u00e7\u00f5es completas sobre o criador da horta, \u00e9 necess\u00e1rio preencher a proposta de participa\u00e7\u00e3o.<\/p>\n","protected":false},"excerpt":{"rendered":"<p>Deparar-se com uma horta em meio a \u00e1rea urbana do Distrito Federal \u00e9 cada dia mais comum. Segundo dados coletados pelo Instituto de Pesquisa e Estat\u00edstica do Distrito Federal (IPEDF) no estudo Agricultura Urbana e Periurbana no Distrito Federal, h\u00e1 mais de 500 pontos de cultivos identificados. Desses, cerca de 130 s\u00e3o acompanhados e atendidos [&hellip;]<\/p>\n","protected":false},"author":2,"featured_media":334423,"comment_status":"closed","ping_status":"closed","sticky":false,"template":"","format":"standard","meta":{"_acf_changed":false,"footnotes":""},"categories":[161],"tags":[],"class_list":["post-334422","post","type-post","status-publish","format-standard","has-post-thumbnail","hentry","category-quadradinho-em-foco"],"acf":[],"_links":{"self":[{"href":"https:\/\/www.notibras.com\/site\/wp-json\/wp\/v2\/posts\/334422","targetHints":{"allow":["GET"]}}],"collection":[{"href":"https:\/\/www.notibras.com\/site\/wp-json\/wp\/v2\/posts"}],"about":[{"href":"https:\/\/www.notibras.com\/site\/wp-json\/wp\/v2\/types\/post"}],"author":[{"embeddable":true,"href":"https:\/\/www.notibras.com\/site\/wp-json\/wp\/v2\/users\/2"}],"replies":[{"embeddable":true,"href":"https:\/\/www.notibras.com\/site\/wp-json\/wp\/v2\/comments?post=334422"}],"version-history":[{"count":1,"href":"https:\/\/www.notibras.com\/site\/wp-json\/wp\/v2\/posts\/334422\/revisions"}],"predecessor-version":[{"id":334424,"href":"https:\/\/www.notibras.com\/site\/wp-json\/wp\/v2\/posts\/334422\/revisions\/334424"}],"wp:featuredmedia":[{"embeddable":true,"href":"https:\/\/www.notibras.com\/site\/wp-json\/wp\/v2\/media\/334423"}],"wp:attachment":[{"href":"https:\/\/www.notibras.com\/site\/wp-json\/wp\/v2\/media?parent=334422"}],"wp:term":[{"taxonomy":"category","embeddable":true,"href":"https:\/\/www.notibras.com\/site\/wp-json\/wp\/v2\/categories?post=334422"},{"taxonomy":"post_tag","embeddable":true,"href":"https:\/\/www.notibras.com\/site\/wp-json\/wp\/v2\/tags?post=334422"}],"curies":[{"name":"wp","href":"https:\/\/api.w.org\/{rel}","templated":true}]}}