{"id":334425,"date":"2024-08-12T00:00:21","date_gmt":"2024-08-12T03:00:21","guid":{"rendered":"https:\/\/www.notibras.com\/site\/?p=334425"},"modified":"2024-08-12T09:01:21","modified_gmt":"2024-08-12T12:01:21","slug":"capital-tem-espacos-para-a-pratica-de-diferentes-esportes","status":"publish","type":"post","link":"https:\/\/www.notibras.com\/site\/capital-tem-espacos-para-a-pratica-de-diferentes-esportes\/","title":{"rendered":"Capital tem espa\u00e7os para a pr\u00e1tica de diferentes esportes"},"content":{"rendered":"<p>O clima ol\u00edmpico tomou o Brasil. Nos \u00faltimos 15 dias, foram comuns as cenas de gente que parou tudo para acompanhar o desempenho dos nossos atletas. E esse clima tamb\u00e9m estimulou muitas pessoas a praticar esportes. Em Bras\u00edlia, a cidade-parque, o que n\u00e3o faltam s\u00e3o espa\u00e7os p\u00fablicos para quem quer iniciar ou seguir a vida esportiva.<\/p>\n<p>Uma das grandes atra\u00e7\u00f5es brasileiras nos Jogos Ol\u00edmpicos de Paris foi, mais uma vez, a fadinha do skate, Rayssa Leal. Aos 16 anos, ela conquistou a segunda medalha e se tornou a atleta mais jovem a subir ao p\u00f3dio em duas Olimp\u00edadas diferentes. A hist\u00f3ria da jovem maranhense \u00e9 inspira\u00e7\u00e3o para v\u00e1rias crian\u00e7as do Distrito Federal, que podem praticar o esporte em pistas p\u00fablicas, como as do Deck Sul, da Candangol\u00e2ndia, do N\u00facleo Bandeirante e do Riacho Fundo, al\u00e9m do Skate Park da Octogonal \u2014 o primeiro equipamento profissional do tipo no DF, inaugurado no ano passado, com investimento de R$ 900 mil.<\/p>\n<p>Giovana Saldanha, de 12 anos, era uma das v\u00e1rias crian\u00e7as que aproveitavam a manh\u00e3 deste domingo (11) na pista. T\u00edmida, ela contou achar legal praticar o esporte e disse j\u00e1 ter se imaginado ganhando uma medalha ol\u00edmpica. O pai, o motorista de aplicativo Fabiano Saldanha, acompanhava tudo. \u201cAcho o espa\u00e7o muito bacana porque o esporte como um todo \u00e9 uma coisa muito boa, tanto para a sa\u00fade f\u00edsica e mental quanto para a intera\u00e7\u00e3o com as pessoas, socializa\u00e7\u00e3o\u201d, destacou ele.<\/p>\n<p>Em outra parte da pista, Nicolas Granado, 9 anos, contava com a ajuda da m\u00e3e, Juliana Granado, para executar manobras. A inspira\u00e7\u00e3o do pequeno era outro medalhista ol\u00edmpico, Augusto Akio, conhecido como Japinha. \u201cEle \u00e9 muito bom de patins, agora skate \u00e9 novo\u201d, relatou a contadora sobre o filho. \u201cMuito legal que fizeram essa skate park aqui, ajuda bastante, pertinho de casa\u201d, acrescentou.<\/p>\n<p>Respons\u00e1vel pela \u00faltima medalha de ouro do Brasil em Paris, o v\u00f4lei de praia \u00e9 outro queridinho dos brasilienses. S\u00e3o, pelo menos, 20 quadras p\u00fablicas sob responsabilidade do Governo do Distrito Federal (GDF), em espa\u00e7os como o Parque Ecol\u00f3gico \u00c1guas Claras, o Parque Vivencial Metropolitana, no N\u00facleo Bandeirante, e o Parque da Cidade. Este \u00faltimo \u00e9 o escolhido por Gleison Sena para praticar o esporte todos os domingos. \u201cAqui tem do iniciante at\u00e9 o top, todo mundo ajuda todo mundo, um carrega o outro, a energia \u00e9 bem legal\u201d, ressaltou o prestador de servi\u00e7os, que pedala 23 km para chegar ao Parque a partir da casa dele, em Taguatinga Sul.<\/p>\n<p>O maior parque urbano da Am\u00e9rica Latina tamb\u00e9m \u00e9 elogiado pela profissional de TI Maria Eduarda da Silva: \u201cN\u00e3o tem muitos lugares com uma estrutura como aqui em Bras\u00edlia. O Parque da Cidade \u00e9 incr\u00edvel, tem muito espa\u00e7o, muita estrutura e \u00e9 bem cuidado\u201d.<\/p>\n<p>No mesmo local, a jovem tamb\u00e9m \u00e9 volunt\u00e1ria do projeto Correndo com Voc\u00ea, no qual ajuda deficientes visuais a praticar corrida e caminhada. Um lembrete de que as Olimp\u00edadas podem at\u00e9 ter chegado ao fim, mas que ainda haver\u00e1 muita emo\u00e7\u00e3o nos pr\u00f3ximos dias, com os Jogos Paral\u00edmpicos.<\/p>\n<p>A pr\u00e1tica esportiva \u00e9 atividade central dos Centros Ol\u00edmpicos e Paral\u00edmpicos do DF. Atualmente, s\u00e3o 12 equipamentos, que atendem cerca de 40 mil pessoas, de acordo com a Secretaria de Esporte e Lazer. Neles, s\u00e3o ofertados esportes como nata\u00e7\u00e3o, futebol, basquete, v\u00f4lei e artes marciais.<\/p>\n<p>H\u00e1 ainda os Centros de Inicia\u00e7\u00e3o Desportiva (CIDs), geridos pela Secretaria de Educa\u00e7\u00e3o. S\u00e3o 143 equipamentos espalhados por todas as regionais de ensino, onde estudantes da rede p\u00fablica podem praticar esportes como jud\u00f4, v\u00f4lei e a atual paix\u00e3o nacional, a gin\u00e1stica art\u00edstica \u2014 respons\u00e1vel por quatro das 20 medalhas do Brasil em Paris.<\/p>\n<p>E, ao falar de paix\u00e3o nacional, n\u00e3o d\u00e1 para deixar o futebol de lado. Ainda que a fase do masculino n\u00e3o seja das melhores, o feminino voltou a subir ao p\u00f3dio ol\u00edmpico ap\u00f3s 16 anos. No DF, os futuros atletas profissionais \u2014 ou apenas aqueles de fim de semana \u2014 podem contar com os 83 campos sint\u00e9ticos constru\u00eddos ou reformados pelo GDF desde 2019. Um est\u00edmulo, quem sabe, para que novas e novos atletas possam representar o Brasil nos gramados \u2014 incluindo a Copa do Mundo Feminina de 2027, que ter\u00e1 Bras\u00edlia entre as sedes \u2014, a exemplo da brasiliense Gabi Portilho, prata em Paris.<\/p>\n","protected":false},"excerpt":{"rendered":"<p>O clima ol\u00edmpico tomou o Brasil. Nos \u00faltimos 15 dias, foram comuns as cenas de gente que parou tudo para acompanhar o desempenho dos nossos atletas. E esse clima tamb\u00e9m estimulou muitas pessoas a praticar esportes. Em Bras\u00edlia, a cidade-parque, o que n\u00e3o faltam s\u00e3o espa\u00e7os p\u00fablicos para quem quer iniciar ou seguir a vida [&hellip;]<\/p>\n","protected":false},"author":2,"featured_media":334426,"comment_status":"closed","ping_status":"closed","sticky":false,"template":"","format":"standard","meta":{"_acf_changed":false,"footnotes":""},"categories":[161],"tags":[],"class_list":["post-334425","post","type-post","status-publish","format-standard","has-post-thumbnail","hentry","category-quadradinho-em-foco"],"acf":[],"_links":{"self":[{"href":"https:\/\/www.notibras.com\/site\/wp-json\/wp\/v2\/posts\/334425","targetHints":{"allow":["GET"]}}],"collection":[{"href":"https:\/\/www.notibras.com\/site\/wp-json\/wp\/v2\/posts"}],"about":[{"href":"https:\/\/www.notibras.com\/site\/wp-json\/wp\/v2\/types\/post"}],"author":[{"embeddable":true,"href":"https:\/\/www.notibras.com\/site\/wp-json\/wp\/v2\/users\/2"}],"replies":[{"embeddable":true,"href":"https:\/\/www.notibras.com\/site\/wp-json\/wp\/v2\/comments?post=334425"}],"version-history":[{"count":1,"href":"https:\/\/www.notibras.com\/site\/wp-json\/wp\/v2\/posts\/334425\/revisions"}],"predecessor-version":[{"id":334427,"href":"https:\/\/www.notibras.com\/site\/wp-json\/wp\/v2\/posts\/334425\/revisions\/334427"}],"wp:featuredmedia":[{"embeddable":true,"href":"https:\/\/www.notibras.com\/site\/wp-json\/wp\/v2\/media\/334426"}],"wp:attachment":[{"href":"https:\/\/www.notibras.com\/site\/wp-json\/wp\/v2\/media?parent=334425"}],"wp:term":[{"taxonomy":"category","embeddable":true,"href":"https:\/\/www.notibras.com\/site\/wp-json\/wp\/v2\/categories?post=334425"},{"taxonomy":"post_tag","embeddable":true,"href":"https:\/\/www.notibras.com\/site\/wp-json\/wp\/v2\/tags?post=334425"}],"curies":[{"name":"wp","href":"https:\/\/api.w.org\/{rel}","templated":true}]}}