{"id":334428,"date":"2024-08-12T00:00:17","date_gmt":"2024-08-12T03:00:17","guid":{"rendered":"https:\/\/www.notibras.com\/site\/?p=334428"},"modified":"2024-08-12T09:06:42","modified_gmt":"2024-08-12T12:06:42","slug":"programa-jovens-embaixadores-esta-com-inscricoes-abertas","status":"publish","type":"post","link":"https:\/\/www.notibras.com\/site\/programa-jovens-embaixadores-esta-com-inscricoes-abertas\/","title":{"rendered":"Programa Jovens Embaixadores est\u00e1 com inscri\u00e7\u00f5es abertas"},"content":{"rendered":"<p>Destinado a alunos do ensino m\u00e9dio da rede p\u00fablica, o programa Jovens Embaixadores (JE), de n\u00edvel nacional, tem inscri\u00e7\u00f5es abertas at\u00e9 3 de setembro para sua pr\u00f3xima edi\u00e7\u00e3o, programada para o per\u00edodo de 7 a 25 de janeiro de 2025. A iniciativa \u00e9 promovida pelo Departamento de Estado dos EUA, coordenada pela Embaixada e Consulados dos EUA no Brasil e implementada pelo grupo +Unidos.<\/p>\n<p>Para interc\u00e2mbio de duas semanas nos Estados Unidos, ser\u00e3o selecionados 30 estudantes que se destacam em suas comunidades pela atitude positiva, bom desempenho acad\u00eamico, conhecimento da l\u00edngua inglesa, capacidade de lideran\u00e7a e esp\u00edrito empreendedor. Al\u00e9m desses requisitos, \u00e9 preciso ter entre 15 e 18 anos de idade para participar do programa.<\/p>\n<p>Os selecionados ter\u00e3o uma semana de orienta\u00e7\u00e3o em Bras\u00edlia. Durante o programa, participar\u00e3o de atividades de desenvolvimento de habilidades de lideran\u00e7a e comunica\u00e7\u00e3o, engajamento em projetos de impacto social e interc\u00e2mbio cultural com estudantes norte-americanos, al\u00e9m de visitas a locais hist\u00f3ricos.<\/p>\n<p>\u201cO programa oferece uma perspectiva global para a pr\u00f3xima gera\u00e7\u00e3o de l\u00edderes brasileiros\u201d, explica o porta-voz da Embaixada e Consulados dos EUA, Luke Ortega. \u201cOs selecionados n\u00e3o apenas ter\u00e3o a oportunidade de aprimorar sua educa\u00e7\u00e3o e habilidades de lideran\u00e7a, mas tamb\u00e9m contribuir\u00e3o para discuss\u00f5es importantes sobre sustentabilidade ambiental.\u201d<\/p>\n","protected":false},"excerpt":{"rendered":"<p>Destinado a alunos do ensino m\u00e9dio da rede p\u00fablica, o programa Jovens Embaixadores (JE), de n\u00edvel nacional, tem inscri\u00e7\u00f5es abertas at\u00e9 3 de setembro para sua pr\u00f3xima edi\u00e7\u00e3o, programada para o per\u00edodo de 7 a 25 de janeiro de 2025. A iniciativa \u00e9 promovida pelo Departamento de Estado dos EUA, coordenada pela Embaixada e Consulados [&hellip;]<\/p>\n","protected":false},"author":2,"featured_media":334429,"comment_status":"closed","ping_status":"closed","sticky":false,"template":"","format":"standard","meta":{"_acf_changed":false,"footnotes":""},"categories":[161],"tags":[],"class_list":["post-334428","post","type-post","status-publish","format-standard","has-post-thumbnail","hentry","category-quadradinho-em-foco"],"acf":[],"_links":{"self":[{"href":"https:\/\/www.notibras.com\/site\/wp-json\/wp\/v2\/posts\/334428","targetHints":{"allow":["GET"]}}],"collection":[{"href":"https:\/\/www.notibras.com\/site\/wp-json\/wp\/v2\/posts"}],"about":[{"href":"https:\/\/www.notibras.com\/site\/wp-json\/wp\/v2\/types\/post"}],"author":[{"embeddable":true,"href":"https:\/\/www.notibras.com\/site\/wp-json\/wp\/v2\/users\/2"}],"replies":[{"embeddable":true,"href":"https:\/\/www.notibras.com\/site\/wp-json\/wp\/v2\/comments?post=334428"}],"version-history":[{"count":1,"href":"https:\/\/www.notibras.com\/site\/wp-json\/wp\/v2\/posts\/334428\/revisions"}],"predecessor-version":[{"id":334430,"href":"https:\/\/www.notibras.com\/site\/wp-json\/wp\/v2\/posts\/334428\/revisions\/334430"}],"wp:featuredmedia":[{"embeddable":true,"href":"https:\/\/www.notibras.com\/site\/wp-json\/wp\/v2\/media\/334429"}],"wp:attachment":[{"href":"https:\/\/www.notibras.com\/site\/wp-json\/wp\/v2\/media?parent=334428"}],"wp:term":[{"taxonomy":"category","embeddable":true,"href":"https:\/\/www.notibras.com\/site\/wp-json\/wp\/v2\/categories?post=334428"},{"taxonomy":"post_tag","embeddable":true,"href":"https:\/\/www.notibras.com\/site\/wp-json\/wp\/v2\/tags?post=334428"}],"curies":[{"name":"wp","href":"https:\/\/api.w.org\/{rel}","templated":true}]}}